{"id":61922,"date":"2026-09-04T11:49:45","date_gmt":"2026-09-04T15:49:45","guid":{"rendered":"https:\/\/debateplural.net\/site\/?p=61922"},"modified":"2026-09-04T11:49:47","modified_gmt":"2026-09-04T15:49:47","slug":"ceuta-un-mes-despues-los-hechos-contra-los-relatos","status":"publish","type":"post","link":"https:\/\/debateplural.net\/site\/2026\/09\/04\/ceuta-un-mes-despues-los-hechos-contra-los-relatos\/","title":{"rendered":"Ceuta, un mes despu\u00e9s: los hechos contra los relatos"},"content":{"rendered":"\n<p>Carmen Parejo Rend\u00f3n (Russia Today, 2-9-26)<\/p>\n\n\n\n<p>Ha pasado un mes desde la entrada masiva de migrantes en Ceuta y el ruido medi\u00e1tico y pol\u00edtico ha sido ensordecedor: durante semanas, los hechos parec\u00edan obligados a competir con los relatos construidos sobre ellos. Se habl\u00f3 de invasi\u00f3n y de conspiraciones diversas mientras una parte sustancial de la informaci\u00f3n segu\u00eda incompleta. La aparici\u00f3n de un informe policial remitido a los juzgados, seg\u00fan el cual existir\u00edan indicios de implicaci\u00f3n del Estado marroqu\u00ed en los cruces de los d\u00edas 30 y 31 de julio, obliga ahora a regresar al terreno que nunca debimos abandonar: el de los hechos comprobables, las relaciones causales y las responsabilidades pol\u00edticas concretas.<\/p>\n\n\n\n<p>A\u00fan pendientes de conocer todos los detalles sobre esta informaci\u00f3n de \u00faltima hora, que Marruecos pudiera haber facilitado deliberadamente la apertura de la frontera no deber\u00eda sorprender. Espa\u00f1a y la Uni\u00f3n Europea han delegado durante a\u00f1os en Rabat una parte sustancial del control migratorio, otorg\u00e1ndole con ello una evidente capacidad de presi\u00f3n. No ser\u00eda, adem\u00e1s, la primera vez que esa capacidad aparece vinculada a una disputa pol\u00edtica: en mayo de 2021, alrededor de 8.000 personas cruzaron hacia Ceuta en apenas dos d\u00edas, en pleno enfrentamiento diplom\u00e1tico entre Espa\u00f1a y Marruecos. Lo que todav\u00eda desconocemos es cu\u00e1l fue, en esta ocasi\u00f3n, el objetivo concreto.<\/p>\n\n\n\n<p>Esa distinci\u00f3n resulta esencial porque permite cuestionar otro relato repetido hasta la saciedad: el de la \"invasi\u00f3n\". Decenas de miles de personas cruzaron hacia Ceuta durante aquellas jornadas, pero la inmensa mayor\u00eda regres\u00f3 poco despu\u00e9s, mientras solo una fracci\u00f3n permaneci\u00f3 en la ciudad. Hubo adem\u00e1s decenas de muertos en el intento de cruzar. Estos hechos describen una crisis fronteriza extraordinaria y una tragedia humana, pero encajan dif\u00edcilmente con la imagen de una operaci\u00f3n destinada a ocupar territorio: no hubo permanencia masiva, estructura armada ni reivindicaci\u00f3n p\u00fablica que permita sostener, hasta ahora, semejante hip\u00f3tesis.<\/p>\n\n\n\n<p>Las migraciones no constituyen un \"modelo\" ideol\u00f3gico, sino una realidad inseparable de un mundo organizado mediante desigualdades gigantescas entre centro y periferia.<\/p>\n\n\n\n<p>Nada de esto elimina la posible instrumentalizaci\u00f3n de seres humanos por parte del Estado marroqu\u00ed. Si se confirmase, nos encontrar\u00edamos ante una pr\u00e1ctica especialmente grave, aunque sepamos que no in\u00e9dita, pero reconocer esa posible instrumentalizaci\u00f3n no convierte a quienes cruzaron la frontera en un ej\u00e9rcito invasor. Confundir ambas cosas supone identificar a las v\u00edctimas de una situaci\u00f3n con quienes pueden haberla utilizado pol\u00edticamente.<\/p>\n\n\n\n<p>As\u00ed, debemos recordar que las migraciones no constituyen un \"modelo\" ideol\u00f3gico, sino una realidad inseparable de un mundo organizado mediante desigualdades gigantescas entre centro y periferia. Quien emigra no tiene por qu\u00e9 encontrarse en la miseria absoluta: basta con que compruebe que las oportunidades de trabajo, estabilidad, autonom\u00eda o futuro se concentran en otros lugares. La desigualdad material produce tambi\u00e9n una profunda desigualdad de expectativas.<\/p>\n\n\n\n<p>Tampoco sale indemne el relato construido por el Gobierno espa\u00f1ol. Mientras pon\u00eda el foco en Rusia, Israel y la extrema derecha internacional como vectores de desinformaci\u00f3n, minimizaba una posible implicaci\u00f3n marroqu\u00ed que ahora aparece recogida en informes policiales. Que canales ultras de distintos pa\u00edses hayan amplificado el discurso de la \"invasi\u00f3n\" encaja con una extrema derecha internacional que comparte marcos, consignas y narrativas; lo que no puede hacerse es convertir autom\u00e1ticamente esa circulaci\u00f3n propagand\u00edstica posterior en una explicaci\u00f3n causal de lo ocurrido. Una cosa es explotar pol\u00edticamente un acontecimiento y otra muy distinta explicar por qu\u00e9 se produjo.<\/p>\n\n\n\n<p>El problema de los relatos prefabricados es precisamente ese: sustituyen la investigaci\u00f3n de las relaciones causales por culpables c\u00f3modos. Para unos, todo queda explicado pronunciando \"Rusia\"; para otros, basta con decir \"invasores\". En ambos casos se construye un enemigo que ordena emocionalmente la realidad, evitando analizar la estructura que la produce: la externalizaci\u00f3n de fronteras, la relaci\u00f3n contradictoria entre Espa\u00f1a y Marruecos, las tensiones diplom\u00e1ticas,<a href=\"https:\/\/actualidad.rt.com\/actualidad\/621566-paradoja-hay-detras-enfrentamiento-espana-italia-ceuta\">&nbsp;el r\u00e9gimen migratorio europeo<\/a>&nbsp;y las enormes diferencias econ\u00f3micas y sociales que empujan a miles de personas a considerar racional arriesgar la vida para cruzar unos pocos kil\u00f3metros.<\/p>\n\n\n\n<blockquote class=\"wp-block-quote is-layout-flow wp-block-quote-is-layout-flow\">\n<p>All\u00ed donde el relato m\u00e1s simplista esperaba encontrar una guerra entre pobres, lo que apareci\u00f3 fue algo bastante diferente: sectores populares con recursos limitados sosteniendo materialmente a personas que ten\u00edan todav\u00eda menos.<\/p>\n<\/blockquote>\n\n\n\n<p>Pero quiz\u00e1 sea en las calles de Ceuta donde mejor se haya desmontado otro lugar com\u00fan: la idea de que, ante la llegada de migrantes, el pen\u00faltimo termina inevitablemente enfrent\u00e1ndose al \u00faltimo. No ocurri\u00f3 as\u00ed. Fueron precisamente algunos de los&nbsp;<strong>barrios perif\u00e9ricos y populares de la ciudad<\/strong>&nbsp;\u2014El Pr\u00edncipe, Sidi Embarek, Loma Colmenar o el entorno de Los Rosales\u2014 los que&nbsp;<strong>han asumido una parte considerable de la respuesta solidaria<\/strong>, organizando alimentos, ropa, alojamiento y espacios para atender a menores y adultos que se encontraban en una situaci\u00f3n de extrema vulnerabilidad. No es un detalle menor que esta respuesta surgiera en zonas que se encuentran entre las de menor renta de Ceuta, muy alejadas de los niveles de ingresos del centro de la ciudad. All\u00ed donde el relato m\u00e1s simplista esperaba encontrar una guerra entre pobres, lo que apareci\u00f3 fue algo bastante diferente: sectores populares con recursos limitados sosteniendo materialmente a personas que ten\u00edan todav\u00eda menos.<\/p>\n\n\n\n<p>Eso no significa, evidentemente, que no hayan existido episodios de xenofobia y actuaciones de car\u00e1cter abiertamente pogromista. Est\u00e1n documentados los ataques y el hostigamiento contra migrantes,&nbsp;<a href=\"https:\/\/actualidad.rt.com\/actualidad\/624558-ceuties-prenden-fuego-campamento-migrantes-video\">la destrucci\u00f3n y quema de sus pertenencias<\/a>&nbsp;y hasta el intento de impedir que Cruz Roja pudiera repartir alimentos. Negar esa violencia ser\u00eda tan absurdo como convertirla, siguiendo el sensacionalismo de determinados medios y discursos pol\u00edticos, en la expresi\u00f3n espont\u00e1nea de \"los vecinos de Ceuta\", considerados como una totalidad. Esa identificaci\u00f3n es falsa: las protestas y el malestar social han adoptado formas muy distintas, mientras los episodios m\u00e1s graves han sido protagonizados por sectores concretos y pol\u00edticamente identificables, en un clima alimentado adem\u00e1s por agitadores y referentes de extrema derecha llegados desde fuera de la ciudad.<\/p>\n\n\n\n<p>No estamos hablando, por tanto, de una reacci\u00f3n xen\u00f3foba inevitable de la poblaci\u00f3n ceut\u00ed, sino del&nbsp;<strong>intento de determinados sectores de transformar una crisis humanitaria en un conflicto \u00e9tnico y pol\u00edtico<\/strong>. En una ciudad donde conviven comunidades cristianas, musulmanas, jud\u00edas e hind\u00faes, alimentar la diferencia cultural o religiosa como l\u00ednea de fractura supone adem\u00e1s introducir un elemento especialmente peligroso para la convivencia.<\/p>\n\n\n\n<p>A esa violencia se suma otra cuesti\u00f3n distinta: la responsabilidad material de las instituciones. El Estado dispone de recursos incomparablemente superiores a los de cualquier asociaci\u00f3n vecinal y, sin embargo, durante demasiado tiempo buena parte de la alimentaci\u00f3n, el alojamiento y la atenci\u00f3n inmediata recay\u00f3 sobre organizaciones humanitarias, voluntarios y vecinos de barrios con pocos recursos. Que una emergencia as\u00ed descansara parcialmente sobre la solidaridad popular no habla de incapacidad t\u00e9cnica inevitable, sino de prioridades pol\u00edticas y de una respuesta tard\u00eda.<\/p>\n\n\n\n<p>Y despu\u00e9s est\u00e1, separadamente, la actuaci\u00f3n policial. No podemos obviar el agravio comparativo: hemos visto una contundencia inmediata ante huelgas, intentos de paralizaci\u00f3n de desahucios o determinadas protestas sociales que no aparece con la misma claridad cuando quienes protagonizaban actos abiertamente criminales son sectores de extrema derecha. A ello se suma que voluntarios implicados en la asistencia a los migrantes han se\u00f1alado haber sufrido hostigamiento policial y distintos tipos de se\u00f1alamiento por su labor solidaria. Normalizar incendios, amenazas, hostigamientos o bloqueos de ayuda humanitaria contra una poblaci\u00f3n extremadamente vulnerable \u2014y permitir adem\u00e1s que quienes tratan de asistirla sean objeto de presi\u00f3n\u2014 crea un precedente pol\u00edtico especialmente peligroso.<\/p>\n\n\n\n<p>Un mes despu\u00e9s han ca\u00eddo varias caretas, aunque todav\u00eda falten datos decisivos. Debe esclarecerse el grado de implicaci\u00f3n de Marruecos y su objetivo; debe explicarse qu\u00e9 sab\u00eda el Gobierno espa\u00f1ol y cu\u00e1ndo lo sab\u00eda; y debe abandonarse la comodidad de los relatos que reemplazan las causas por enemigos prefabricados. Pero Ceuta ya ha dejado una ense\u00f1anza pol\u00edtica clara: cuando las instituciones fallaron, fueron precisamente algunos de los barrios m\u00e1s populares quienes asumieron buena parte de la solidaridad, mientras sectores organizados trataron de convertir una crisis humanitaria en una campa\u00f1a de odio. La mentira repetida mil veces sigue siendo mentira. El pen\u00faltimo no est\u00e1 condenado a enfrentarse con el \u00faltimo. Lo que hemos visto, una vez m\u00e1s, es que son los de arriba quienes intentan enfrentar a los de abajo.<\/p>\n","protected":false},"excerpt":{"rendered":"<p>Carmen Parejo Rend\u00f3n (Russia Today, 2-9-26) Ha pasado un mes desde la entrada masiva de migrantes en Ceuta y el ruido medi\u00e1tico y pol\u00edtico ha sido ensordecedor: durante semanas, los hechos parec\u00edan obligados a competir con los relatos construidos sobre ellos. Se habl\u00f3 de invasi\u00f3n y de conspiraciones diversas mientras una parte sustancial de la [&hellip;]<\/p>\n","protected":false},"author":1,"featured_media":61923,"comment_status":"open","ping_status":"open","sticky":false,"template":"","format":"standard","meta":{"footnotes":""},"categories":[14,12],"tags":[],"class_list":["post-61922","post","type-post","status-publish","format-standard","has-post-thumbnail","hentry","category-internacionales","category-politica-3"],"_links":{"self":[{"href":"https:\/\/debateplural.net\/site\/wp-json\/wp\/v2\/posts\/61922"}],"collection":[{"href":"https:\/\/debateplural.net\/site\/wp-json\/wp\/v2\/posts"}],"about":[{"href":"https:\/\/debateplural.net\/site\/wp-json\/wp\/v2\/types\/post"}],"author":[{"embeddable":true,"href":"https:\/\/debateplural.net\/site\/wp-json\/wp\/v2\/users\/1"}],"replies":[{"embeddable":true,"href":"https:\/\/debateplural.net\/site\/wp-json\/wp\/v2\/comments?post=61922"}],"version-history":[{"count":1,"href":"https:\/\/debateplural.net\/site\/wp-json\/wp\/v2\/posts\/61922\/revisions"}],"predecessor-version":[{"id":61924,"href":"https:\/\/debateplural.net\/site\/wp-json\/wp\/v2\/posts\/61922\/revisions\/61924"}],"wp:featuredmedia":[{"embeddable":true,"href":"https:\/\/debateplural.net\/site\/wp-json\/wp\/v2\/media\/61923"}],"wp:attachment":[{"href":"https:\/\/debateplural.net\/site\/wp-json\/wp\/v2\/media?parent=61922"}],"wp:term":[{"taxonomy":"category","embeddable":true,"href":"https:\/\/debateplural.net\/site\/wp-json\/wp\/v2\/categories?post=61922"},{"taxonomy":"post_tag","embeddable":true,"href":"https:\/\/debateplural.net\/site\/wp-json\/wp\/v2\/tags?post=61922"}],"curies":[{"name":"wp","href":"https:\/\/api.w.org\/{rel}","templated":true}]}}