{"id":9378,"date":"2016-06-23T20:15:32","date_gmt":"2016-06-23T20:15:32","guid":{"rendered":"http:\/\/www.debateplural.com\/?p=9378"},"modified":"2016-07-06T20:18:03","modified_gmt":"2016-07-06T20:18:03","slug":"colombia-el-ultimo-dia-de-la-guerra","status":"publish","type":"post","link":"https:\/\/debateplural.net\/site\/2016\/06\/23\/colombia-el-ultimo-dia-de-la-guerra\/","title":{"rendered":"Colombia: el \u00faltimo d\u00eda de la guerra"},"content":{"rendered":"<p style=\"text-align: justify;\"><strong>Debateplural.com, comparte con sus lectores el art\u00edculo de Juan Manuel Karg, titulado \u201cColombia: el \u00faltimo d\u00eda de la guerra\u201d, publicado en el portal Russia Today, en fecha 22 del mes de junio de 2016.<\/strong><span id=\"more-6118\"><\/span><\/p>\n<p style=\"text-align: justify;\">En medio de nuevas y profundas convulsiones pol\u00edticas y econ\u00f3micas en la regi\u00f3n, el acuerdo de cese al fuego bilateral entre el gobierno de Juan Manuel Santos\u00a0y las FARC-EP es una noticia de trascendental importancia para Am\u00e9rica Latina y el Caribe. Se trata, ni m\u00e1s ni menos, que el fin de un conflicto social y pol\u00edtico que durante m\u00e1s de cinco d\u00e9cadas modific\u00f3 el d\u00eda a d\u00eda de millones de colombianos. Con la firma del punto relativo al fin del conflicto armado no s\u00f3lo gana Colombia, sino toda la regi\u00f3n, que decidi\u00f3 declararse \u201czona de paz\u201d durante la cumbre CELAC de 2014.<\/p>\n<p style=\"text-align: justify;\">El gran perdedor tiene nombre y apellido: \u00c1lvaro Uribe V\u00e9lez. El ex presidente colombiano intent\u00f3 boicotear una y otra vez la mesa de negociaciones en La Habana. Incluso sabore\u00f3 el inicio del fin del proceso de paz cuando su delf\u00edn, Zuluaga, lleg\u00f3 a la segunda vuelta presidencial aventajando a Santos, en 2014. Pero Uribe, bajo otro nombre, perdi\u00f3 aquel ballotage. Aquella fue su primera derrota contundente. La segunda, \u00e9sta que tiene lugar ahora, mientras buena parte de su c\u00edrculo \u00edntimo -inclu\u00eddo su hermano- est\u00e1 preso por presunta vinculaci\u00f3n con el narcotr\u00e1fico.<\/p>\n<p style=\"text-align: justify;\">Entre los triunfadores est\u00e1n el gobierno de Juan Manuel Santos y las propias FARC, por el esfuerzo conjunto desplegado en La Habana ante algunas presiones internacionales que, con perfil m\u00e1s bajo que Uribe, intentaban jaquear el proceso de paz. Pero en lo interno, sobre todo, gana el pueblo colombiano, quien a\u00fan sigue intentando poder hacer pol\u00edtica sin el temor de perecer en el intento.<\/p>\n<p style=\"text-align: justify;\">Los m\u00e1s de 120 asesinatos en los \u00faltimos 4 a\u00f1os a integrantes del espacio pol\u00edtico Marcha Patri\u00f3tica, que patrocina la defensora de DDHH Piedad C\u00f3rdoba, grafican las complejidades que hasta hoy existen en Colombia en relaci\u00f3n a un derecho tan simple -y elemental- como el \u201chacer pol\u00edtica\u201d. El \u201c\u00faltimo d\u00eda de la guerra\u201d deber\u00e1 precisamente aportar los elementos jur\u00eddicos y pol\u00edticos para garantizar, de aqu\u00ed en m\u00e1s, la libre participaci\u00f3n ciudadana en la configuraci\u00f3n pol\u00edtica del pa\u00eds.<\/p>\n<p style=\"text-align: justify;\">Por \u00faltimo, hay que destacar el rol de <a href=\"http:\/\/localhost\/debateplural\/tag\/cuba\">Cuba <\/a>y <a href=\"http:\/\/localhost\/debateplural\/tag\/rvenezuela\">Venezuela<\/a> en este desenlace. En febrero de este a\u00f1o, durante su encuentro con el Patriarca ruso Kirill en La Habana, el <a href=\"http:\/\/localhost\/debateplural\/tag\/papa-francisco\">Papa Francisco\u00a0<\/a>lanz\u00f3 una sugestiva frase destinada a Ra\u00fal Castro: <strong>\u201csi se contin\u00faa con esta disponibilidad activa, Cuba podr\u00eda ser la capital de la unidad\u201d<\/strong>. La fuerte predisposici\u00f3n de La Habana para ser sede de los di\u00e1logos tambi\u00e9n muestra su rol activo en la pol\u00edtica regional, hecho que oblig\u00f3 a <a href=\"http:\/\/localhost\/debateplural\/tag\/estados-unidos\">Estados Unido<\/a>s a darse otra pol\u00edtica en relaci\u00f3n a la isla. Por otra parte, tres a\u00f1os despu\u00e9s de su fallecimiento, se puede ver que la pol\u00edtica de <a href=\"http:\/\/localhost\/debateplural\/tag\/hugo-chavez\">Hugo Ch\u00e1vez<\/a> en relaci\u00f3n a Colombia tambi\u00e9n da sus frutos, visto y considerando que fue el primer Jefe de Estado de la regi\u00f3n preocupado por el tema en la \u00faltima d\u00e9cada. En momentos donde Venezuela aparece asediado desde diversos \u00e1ngulos -diplom\u00e1tico, period\u00edstico y con un bloqueo financiero en curso que le impide tomar l\u00edneas de cr\u00e9dito- hay que cuantificar el esfuerzo del pa\u00eds caribe\u00f1o en lograr una soluci\u00f3n en relaci\u00f3n a su pa\u00eds vecino.<\/p>\n<p style=\"text-align: justify;\">El \u00faltimo d\u00eda de guerra en Colombia es, en definitiva, una noticia \u201cb\u00e1lsamo\u201d en medio de un escenario general de dificultades para la regi\u00f3n. El desaf\u00edo ser\u00e1 avanzar ahora en la desmovilizaci\u00f3n efectiva de sectores del paramilitarismo, garantizando adem\u00e1s que la otra mesa de negociaci\u00f3n en curso -ELN\/Santos- tambi\u00e9n se encamine a un resultado similar. Y adem\u00e1s lograr que el cese al fuego bilateral tambi\u00e9n encamine a una verdadera apertura pol\u00edtica, garantizando la libre participaci\u00f3n de los diferentes sectores de la sociedad colombiana en la pol\u00edtica cotidiana del pa\u00eds.<\/p>\n<p style=\"text-align: justify;\">Si Uribe y los apologistas del conflicto armado est\u00e1n disconformes, hablamos de una noticia que es de relevancia notoria para toda la regi\u00f3n. Colombia tiene un motivo para celebrar. Am\u00e9rica Latina tambi\u00e9n.<\/p>\n","protected":false},"excerpt":{"rendered":"<p>Debateplural.com, comparte con sus lectores el art\u00edculo de Juan Manuel Karg, titulado \u201cColombia: el \u00faltimo d\u00eda de la guerra\u201d, publicado en el portal Russia Today, en fecha 22 del mes de junio de 2016. En medio de nuevas y profundas convulsiones pol\u00edticas y econ\u00f3micas en la regi\u00f3n, el acuerdo de cese al fuego bilateral entre [&hellip;]<\/p>\n","protected":false},"author":1,"featured_media":7320,"comment_status":"open","ping_status":"open","sticky":false,"template":"","format":"standard","meta":{"footnotes":""},"categories":[14,12],"tags":[20,8,23,73,10],"class_list":["post-9378","post","type-post","status-publish","format-standard","has-post-thumbnail","hentry","category-internacionales","category-politica-3","tag-cuba","tag-estados-unidos","tag-hugo-chavez","tag-papa-francisco","tag-venezuela"],"_links":{"self":[{"href":"https:\/\/debateplural.net\/site\/wp-json\/wp\/v2\/posts\/9378"}],"collection":[{"href":"https:\/\/debateplural.net\/site\/wp-json\/wp\/v2\/posts"}],"about":[{"href":"https:\/\/debateplural.net\/site\/wp-json\/wp\/v2\/types\/post"}],"author":[{"embeddable":true,"href":"https:\/\/debateplural.net\/site\/wp-json\/wp\/v2\/users\/1"}],"replies":[{"embeddable":true,"href":"https:\/\/debateplural.net\/site\/wp-json\/wp\/v2\/comments?post=9378"}],"version-history":[{"count":1,"href":"https:\/\/debateplural.net\/site\/wp-json\/wp\/v2\/posts\/9378\/revisions"}],"predecessor-version":[{"id":9379,"href":"https:\/\/debateplural.net\/site\/wp-json\/wp\/v2\/posts\/9378\/revisions\/9379"}],"wp:featuredmedia":[{"embeddable":true,"href":"https:\/\/debateplural.net\/site\/wp-json\/wp\/v2\/media\/7320"}],"wp:attachment":[{"href":"https:\/\/debateplural.net\/site\/wp-json\/wp\/v2\/media?parent=9378"}],"wp:term":[{"taxonomy":"category","embeddable":true,"href":"https:\/\/debateplural.net\/site\/wp-json\/wp\/v2\/categories?post=9378"},{"taxonomy":"post_tag","embeddable":true,"href":"https:\/\/debateplural.net\/site\/wp-json\/wp\/v2\/tags?post=9378"}],"curies":[{"name":"wp","href":"https:\/\/api.w.org\/{rel}","templated":true}]}}