{"id":9441,"date":"2016-07-08T15:12:30","date_gmt":"2016-07-08T15:12:30","guid":{"rendered":"http:\/\/www.debateplural.com\/?p=9441"},"modified":"2016-08-15T19:06:46","modified_gmt":"2016-08-15T19:06:46","slug":"la-guerra-mediatica-entender-o-no-entender-ese-es-el-dilema","status":"publish","type":"post","link":"https:\/\/debateplural.net\/site\/2016\/07\/08\/la-guerra-mediatica-entender-o-no-entender-ese-es-el-dilema\/","title":{"rendered":"La Guerra Medi\u00e1tica, entender o no entender\u2026 ese es el dilema"},"content":{"rendered":"<p style=\"text-align: justify;\"><strong>Debateplural.com, comparte con los lectores el art\u00edculo de Fernando Buen Abad, titulado \"La Guerra Medi\u00e1tica, entender o no entender\u2026 ese es el dilema\"<\/strong><strong>, publicado en el portal teleSurtv.net, en fecha 1 del mes de julio de 2016.<\/strong><\/p>\n<p><strong>\u201cEstamos a Tiempo\u201d<\/strong><\/p>\n<p style=\"text-align: justify;\">Pronunci\u00f3 Walter Mart\u00ednez [1] el \u201cDiscurso de Orden\u201d[2] en la entrega de los premios de periodismo 2016 en la Rep\u00fablica Bolivariana de<a href=\"http:\/\/localhost\/debateplural\/tag\/venezuela\"> Venezuela<\/a>. Walter fue receptor de tal premio, una vez m\u00e1s, por sus aportes al periodismo latinoamericano y a la \u201cBatalla de las Ideas\u201d, tambi\u00e9n con herramientas de comunicaci\u00f3n e incluso dentro de los llamados \u201cmass media\u201d. Es imposible rese\u00f1ar el total de los temas tratados en tal discurso pero es indispensable subrayar uno de ellos que es preocupaci\u00f3n permanente de Mart\u00ednez y tema obligado para un continente acosado por las bases militares y las \u201cbases medi\u00e1ticas\u201d que operan con toda impunidad e impudicia: La Guerra Medi\u00e1tica o de \u201ccuarta generaci\u00f3n\u201d. En \u201cpleno desarrollo\u201d (Walter Mart\u00ednez Ipse dixit).<\/p>\n<p style=\"text-align: justify;\">Lo que en la ceremonia de premiaci\u00f3n tuvo formato de \u201cconferencia magistral\u201d, cumpli\u00f3 con volver a martillar sobre un yunque de principios y de acciones donde es necesario labrar el plan conjunto de los pueblos revolucionarios hacia un frente de unidad para la defensa y para la vanguardia de la comunicaci\u00f3n emancipada y emancipadora. La \u201cGuerra Medi\u00e1tica\u201d no es una ficci\u00f3n de mentes conspirativas, no es una pesadilla hija de la indigesti\u00f3n, no es un ataque paranoico ni es un destilado de morbos pensados para vender miedos rentables. Aunque a no pocos les parezca exagerado, inveros\u00edmil o inaceptable.<\/p>\n<p style=\"text-align: justify;\">Todas las formas del \u00e9nfasis y todas las t\u00e1cticas y estrategias discursivas (pertinentes al formato expositivo desplegado por Walter Mart\u00ednez) fueron usadas para abrir cabezas y despejar nubarrones\u2026 la Guerra Medi\u00e1tica est\u00e1 en marcha y s\u00f3lo falt\u00f3 tomar por las solapas a los asistentes y sacudirlos para reiterar lo urgente y alarmante de la situaci\u00f3n enredada con nuestras debilidades y nuestras confusiones que, a granel, generan frenos, desv\u00edos y extrav\u00edos costosos, peligrosos y suicidas. Una y otra vez el acento en el discurso de Walter Mart\u00ednez tuvo referencias en las fuentes de informaci\u00f3n militar pero fue escrupuloso en esclarecer la importancia excluyente la amalgama c\u00edvico-militar, de la movilizaci\u00f3n popular y su car\u00e1cter revolucionario inspirado por las ideas y la pr\u00e1ctica de<a href=\"http:\/\/localhost\/debateplural\/tag\/hugo-chavez\"> Hugo Ch\u00e1vez<\/a> y su apuesta por el socialismo.<\/p>\n<p style=\"text-align: justify;\">En ese discurso no hubo tiempo suficiente para profundizar, eso lo advirti\u00f3 el propio Walter desde el principio y su advertencia no fue un simple gesto de cortes\u00eda, por el contrario, fue una ventana al realmente enorme problema y un alerta pertinaz para entender la dimensi\u00f3n exacta de una Guerra s\u00faper-din\u00e1mica que se nos va de las manos, de nos va de la vista se nos va y nos inundad incluso cuando nos \u201centretenemos\u201d con la \u201ctele\u201d. Y m\u00e1s all\u00e1 de las limitaciones del tiempo y de propio formato de la exposici\u00f3n, qued\u00f3 bien claro que es urgente asumir esa Guerra Medi\u00e1tica como una prioridad de investigaci\u00f3n y como urgencia de acci\u00f3n en momentos en que se llenan los imaginarios con el terrorismo medi\u00e1tico basado, por ejemplo, en convencernos de que la d\u00e9cada ganada lleg\u00f3 a su \u201cfin de ciclo\u201d. Que la Revoluci\u00f3n no es Permanente.<\/p>\n<p style=\"text-align: justify;\">Aunque parezca incre\u00edble, a pesar de las miles de evidencias y consecuencias que la Guerra Medi\u00e1tica ha tatuado en nuestra Historia reciente, todav\u00eda no es materia obligatoria ni agenda prioritaria en los centros de ense\u00f1anza ni en los frentes de lucha. Exculpemos a las excepciones. Todav\u00eda es necesario tocar miles de puertas y no pocas veces soportar algunos gestos de fastidio por insistir en la obligaci\u00f3n de tomar en serio todo plan de ataque medi\u00e1tico para saquearnos y explotarnos mientras nos convencen de que lo \u201chacen por nuestro bien\u201d y de que debemos estar agradecidos cuando nos humillan y cuando nos ahogan con mentiras, ignorancia e ideolog\u00eda chatarra. Historia, por cierto, nada nueva.<\/p>\n<p style=\"text-align: justify;\">No entender la importancia de la Guerra Medi\u00e1tica, no comprender su extensi\u00f3n y duraci\u00f3n, sus escenarios visibles e invisibles, sus bases materiales y sus bases subjetivas, sus escuelas, sus tradiciones te\u00f3ricas, sus bibliotecas y sus centros de investigaci\u00f3n\u2026 es tan irresponsable y tan suicida que no nos quedar\u00e1 margen de lamento ni tiempo para lloriquear las consecuencias que imaginamos y las que no. Eso lo sabe Walter Mart\u00ednez y por eso insiste, como se debe, en hacer de su insistencia militancia y persistencia que, con su estilo y con su historia, abre o\u00eddos donde otros no pueden.<\/p>\n<p style=\"text-align: justify;\">No entender la importancia de la Guerra Medi\u00e1tica, no combatirla y no derrotarla, pone en evidencia un flanco d\u00e9bil, un descuido, una banalizaci\u00f3n o una falta de conciencia que no podemos permitirnos m\u00e1s tiempo. No nos ha servido la improvisaci\u00f3n, no nos ha servido el voluntarismo, no nos ha servido el auto-halago, no nos ha servido el empirismo\u2026 ya nos han derrotado incesantemente. Los pueblos cuentan con fuerzas inmensas para ganar la Guerra Medi\u00e1tica, hay muchas experiencias y muchas ansias s\u00f3lo nos falta derrotar la des-organizaci\u00f3n y la crisis de direcci\u00f3n. Es verdad \u201cEstamos a tiempo\u201d y por eso no hay tiempo que perder.<\/p>\n<p style=\"text-align: justify;\">[1] 27 de junio 2016 Sal\u00f3n Ayacucho Palacio de Miraflores, Venezuela.<\/p>\n<p>&nbsp;<\/p>\n","protected":false},"excerpt":{"rendered":"<p>Debateplural.com, comparte con los lectores el art\u00edculo de Fernando Buen Abad, titulado \"La Guerra Medi\u00e1tica, entender o no entender\u2026 ese es el dilema\", publicado en el portal teleSurtv.net, en fecha 1 del mes de julio de 2016. \u201cEstamos a Tiempo\u201d Pronunci\u00f3 Walter Mart\u00ednez [1] el \u201cDiscurso de Orden\u201d[2] en la entrega de los premios de [&hellip;]<\/p>\n","protected":false},"author":1,"featured_media":8218,"comment_status":"open","ping_status":"open","sticky":false,"template":"","format":"standard","meta":{"footnotes":""},"categories":[14,12],"tags":[23,10],"class_list":["post-9441","post","type-post","status-publish","format-standard","has-post-thumbnail","hentry","category-internacionales","category-politica-3","tag-hugo-chavez","tag-venezuela"],"_links":{"self":[{"href":"https:\/\/debateplural.net\/site\/wp-json\/wp\/v2\/posts\/9441"}],"collection":[{"href":"https:\/\/debateplural.net\/site\/wp-json\/wp\/v2\/posts"}],"about":[{"href":"https:\/\/debateplural.net\/site\/wp-json\/wp\/v2\/types\/post"}],"author":[{"embeddable":true,"href":"https:\/\/debateplural.net\/site\/wp-json\/wp\/v2\/users\/1"}],"replies":[{"embeddable":true,"href":"https:\/\/debateplural.net\/site\/wp-json\/wp\/v2\/comments?post=9441"}],"version-history":[{"count":1,"href":"https:\/\/debateplural.net\/site\/wp-json\/wp\/v2\/posts\/9441\/revisions"}],"predecessor-version":[{"id":9442,"href":"https:\/\/debateplural.net\/site\/wp-json\/wp\/v2\/posts\/9441\/revisions\/9442"}],"wp:featuredmedia":[{"embeddable":true,"href":"https:\/\/debateplural.net\/site\/wp-json\/wp\/v2\/media\/8218"}],"wp:attachment":[{"href":"https:\/\/debateplural.net\/site\/wp-json\/wp\/v2\/media?parent=9441"}],"wp:term":[{"taxonomy":"category","embeddable":true,"href":"https:\/\/debateplural.net\/site\/wp-json\/wp\/v2\/categories?post=9441"},{"taxonomy":"post_tag","embeddable":true,"href":"https:\/\/debateplural.net\/site\/wp-json\/wp\/v2\/tags?post=9441"}],"curies":[{"name":"wp","href":"https:\/\/api.w.org\/{rel}","templated":true}]}}