{"id":9499,"date":"2016-06-27T16:38:12","date_gmt":"2016-06-27T16:38:12","guid":{"rendered":"http:\/\/www.debateplural.com\/?p=9499"},"modified":"2016-07-09T16:43:56","modified_gmt":"2016-07-09T16:43:56","slug":"que-vendra-para-europa-tras-el-triunfo-del-brexit","status":"publish","type":"post","link":"https:\/\/debateplural.net\/site\/2016\/06\/27\/que-vendra-para-europa-tras-el-triunfo-del-brexit\/","title":{"rendered":"\u00bfQu\u00e9 vendr\u00e1 para Europa tras el triunfo del \u2018Brexit\u2019?"},"content":{"rendered":"<p style=\"text-align: justify;\"><strong>Debateplural.com, comparte con sus lectores el\u00a0art\u00edculo de\u00a0Ariel Noyola Rodr\u00edguez, titulado \u201c\u00bfQu\u00e9 vendr\u00e1 para Europa tras el triunfo del \u2018Brexit\u2019?\u201d, publicado en el portal Russia Today, en fecha 27 del mes de junio de 2016.<\/strong><\/p>\n<p style=\"text-align: justify;\">\n<p style=\"text-align: justify;\">Aunque las principales encuestadoras publicitaron durante varias semanas que los brit\u00e1nicos estaban convencidos de su permanencia en la Uni\u00f3n Europea, la postura a favor de la salida del <a href=\"http:\/\/localhost\/debateplural\/tag\/reino-unido\">Reino Unido <\/a>(el llamado \u2018Brexit\u2019) se impuso finalmente en el refer\u00e9ndum celebrado el pasado jueves 23 de junio por un margen de diferencia de casi cuatro puntos: 51,9% vot\u00f3 a favor frente a 48,1% en contra.<\/p>\n<p style=\"text-align: justify;\">Sorpresivamente, el primer ministro, David Cameron, anunci\u00f3 su dimisi\u00f3n momentos despu\u00e9s, la libra esterlina registr\u00f3 su peor cotizaci\u00f3n desde 1985 y las principales plazas burs\u00e1tiles se desplomaron. Tanto en la regi\u00f3n de Asia-Pac\u00edfico como en el continente europeo, los mercados de valores retrocedieron entre 6% y 10%. En definitiva, la salida inminente del Reino Unido de la Uni\u00f3n Europea abri\u00f3 un nuevo escenario de gran incertidumbre en un momento de extrema vulnerabilidad para la econom\u00eda mundial.<\/p>\n<p style=\"text-align: justify;\"><strong>Turbulencia financiera en escala mundial<\/strong><\/p>\n<p style=\"text-align: justify;\">A principios de junio, el Banco Mundial redujo de nueva cuenta su previsi\u00f3n de crecimiento para la econom\u00eda global para el a\u00f1o 2015, de 2,9% a 2,4%; el Fondo Monetario Internacional (FMI) por su parte, advirti\u00f3 recientemente de que el nacionalismo econ\u00f3mico puede socavar la libre movilidad de los flujos de comercio e inversi\u00f3n entre pa\u00edses, en tanto que el Banco de Pagos Internacionales (BIS, por sus siglas en ingl\u00e9s) vigila con lupa los riesgos subyacentes a una nueva \u2018guerra de divisas\u2019.<\/p>\n<p style=\"text-align: justify;\">Es que la cooperaci\u00f3n monetaria internacional atraviesa actualmente uno de sus mayores desaf\u00edos y, por eso, ante el peligro de que los mercados de cr\u00e9dito se contraigan de un momento a otro, el Banco Central Europeo (BCE), a cargo de Mario Draghi, y el Banco de Inglaterra, a cargo de Mark Carney, salieron a la palestra para dejar en claro que no escatimar\u00edan recursos para garantizar la estabilidad financiera.<\/p>\n<p style=\"text-align: justify;\">A lo largo de la jornada, pero sobre todo tras las primeras se\u00f1ales de que el \u2018Brexit\u2019 hab\u00eda triunfado en las urnas, el BCE intervino violentamente en el mercado de deuda soberana para evitar una escalada de las primas de riesgo (\u2018risk premiums\u2019) de los bonos de las econom\u00edas de la periferia: Grecia, <a href=\"http:\/\/localhost\/debateplural\/tag\/espa%C3%B1a\">Espa\u00f1a<\/a>, Italia, Portugal, etc. Mientras, el Banco de Inglaterra ya ten\u00eda preparada una poderosa bater\u00eda de 250.000 millones de libras esterlinas para defender el tipo de cambio frente de los ataques de los especuladores.<\/p>\n<p style=\"text-align: justify;\">El sistema de la Reserva Federal (FED) por su parte, bajo el mando de Janet Yellen, puso en marcha una serie de l\u00edneas de cr\u00e9dito (\u2018swap\u2019) para proveer liquidez adicional junto con otros bancos centrales del Grupo de los 7 (G7, conformado por Alemania, Canad\u00e1,<a href=\"http:\/\/localhost\/debateplural\/tag\/estados-unidos\"> Estados Unidos<\/a>,\u00a0<a href=\"http:\/\/localhost\/debateplural\/tag\/francia\">Francia<\/a>, Italia, <a href=\"http:\/\/localhost\/debateplural\/tag\/japon\">Jap\u00f3n<\/a> y Reino Unido) en caso de que la volatilidad en los mercados financieros se saliera de control.<\/p>\n<p style=\"text-align: justify;\">Pero los planes de contingencia de las autoridades monetarias fueron insuficientes. Las bolsas de valores mundiales registraron p\u00e9rdidas por m\u00e1s de 2 billones de d\u00f3lares en menos de 24 horas. Cabe destacar adem\u00e1s que la debacle de la libra esterlina precipit\u00f3 la fuga masiva de capitales de cartera de la bolsa de valores de Londres, que de inmediato se refugiaron en Wall Street. De cara a la turbulencia financiera, los inversionistas burs\u00e1tiles buscan protecci\u00f3n en t\u00edtulos financieros m\u00e1s seguros, b\u00e1sicamente en el d\u00f3lar y metales preciosos que sirven como reserva de valor, el oro y la plata, por ejemplo.<\/p>\n<p style=\"text-align: justify;\">No obstante, la compra masiva de d\u00f3lares no hizo sino profundizar la debacle de los precios del resto de las materias primas (\u2018commodities\u2019), ya de por s\u00ed muy bajos en comparaci\u00f3n con los a\u00f1os previos a 2009. Por ejemplo, los precios de referencia internacional del petr\u00f3leo, el West Texas Intermediate (WTI) y el Brent, que hab\u00edan registrado una buena racha durante los meses de abril y mayo, cayeron de nuevo.<\/p>\n<p style=\"text-align: justify;\">Los precios de los hidrocarburos est\u00e1n ahora por debajo de los 50 d\u00f3lares por barril, situaci\u00f3n que agudiza la deflaci\u00f3n (ca\u00edda de precios) y que, combinada con las tendencias de bajo crecimiento del producto interno bruto (PIB) y el desplome de los beneficios del sector financiero, incrementa exponencialmente los riesgos de que estalle una nueva crisis bancaria en Europa.<\/p>\n<p style=\"text-align: justify;\"><strong>El \u2018Brexit\u2019 no implica forzosamente el fin de la integraci\u00f3n europea\u00a0<\/strong><\/p>\n<p style=\"text-align: justify;\">El voto a favor del \u2018Brexit\u2019 puso de manifiesto el enorme rechazo de la integraci\u00f3n europea. La pol\u00edtica econ\u00f3mica aplicada en el Reino Unido ha seguido b\u00e1sicamente la misma pauta que el resto de los pa\u00edses de Europa continental: liberalizaci\u00f3n indiscriminada del comercio de bienes y servicios, desregulaci\u00f3n del sector financiero y una pol\u00edtica en materia laboral que mantiene estancado el incremento de las remuneraciones salariales y que pretende suprimir las prestaciones sociales de los trabajadores.<\/p>\n<p style=\"text-align: justify;\">Est\u00e1 claro que el sue\u00f1o de una Europa democr\u00e1tica, social y solidaria es solamente eso, una fantas\u00eda. El \u2018Estado del bienestar\u2019, ese que se construy\u00f3 tras la segunda posguerra, hoy pr\u00e1cticamente est\u00e1 desmantelado. La calidad de una democracia no puede evaluarse \u00fanicamente por la celebraci\u00f3n de un refer\u00e9ndum y por el respeto de sus resultados de parte del Gobierno. La democracia significa, sobre todo, la participaci\u00f3n directa en las principales decisiones que ata\u00f1en a una sociedad, tanto en el \u00e1mbito de la econom\u00eda como en el campo de la vida pol\u00edtica.<\/p>\n<p style=\"text-align: justify;\">Y es aqu\u00ed donde la construcci\u00f3n de la Uni\u00f3n Europea tiene sus principales fallas: el dise\u00f1o del proyecto de integraci\u00f3n se ha convertido en un asunto reservado para las \u00e9lites empresariales. Las grandes corporaciones han sido las principales beneficiarias de la puesta en marcha de un \u2018mercado com\u00fan, son ellas las que insisten en aprobar cuanto antes el Tratado Transatl\u00e1ntico de Comercio e Inversiones (TTIP, por sus siglas en ingl\u00e9s) promovido por el Gobierno de Estados Unidos, son ellas las que promueven la ofensiva de la Organizaci\u00f3n del Tratado del Atl\u00e1ntico de Norte (OTAN).<\/p>\n<p style=\"text-align: justify;\">Es cierto que Europa necesita de forma urgente un redise\u00f1o institucional, sin lugar a dudas. De hecho, luego del triunfo del \u2018Brexit\u2019, en varios pa\u00edses se ha propuesto llevar a cabo refer\u00e9ndums para abandonar la Uni\u00f3n Europa; sin embargo, hay que tomar en cuenta que la mayor\u00eda de los pa\u00edses de la Europa continental forman parte tambi\u00e9n de la Eurozona, no es este el caso del Reino Unido, que siempre se resisti\u00f3 a adoptar la moneda com\u00fan.<\/p>\n<p style=\"text-align: justify;\">Y hasta el momento las fuerzas progresistas en Europa no se han propuesto precisamente abandonar el euro. Recordemos por ejemplo el caso de Grecia en 2015: con un Gobierno de izquierda, la Troika (integrada por el Banco Central Europeo, la Comisi\u00f3n Europea y el Fondo Monetario Internacional) rechaz\u00f3 todas las propuestas del programa econ\u00f3mico de Syriza. Y aunque el Gobierno griego convoc\u00f3 a un refer\u00e9ndum para rechazar las condiciones leoninas del tercer programa de rescate, finalmente la austeridad fiscal volvi\u00f3 a imponerse.<\/p>\n<p style=\"text-align: justify;\">El primer ministro, Alexis Tsipras, siempre se mostr\u00f3 reacio a que Grecia abandonara la Eurozona (el llamado \u2018Grexit\u2019), con todo y que hasta la fecha se ha revelado imposible poner en marcha una pol\u00edtica econ\u00f3mica alternativa y, al mismo tiempo, cumplir con las exigencias de la Troika. A mi juicio, el gran drama que vive Europa en estos momentos es que quienes proponen la salida del euro y, luego entonces, de la Uni\u00f3n Europea, son dirigentes de partidos pol\u00edticos de extrema derecha, aquellos que utilizan la ret\u00f3rica xenof\u00f3bica para desviar la atenci\u00f3n de las verdaderas causas de la crisis y que, dig\u00e1moslo con claridad, no tienen ninguna intenci\u00f3n de conseguir el renacimiento de Europa\u2026<\/p>\n","protected":false},"excerpt":{"rendered":"<p>Debateplural.com, comparte con sus lectores el\u00a0art\u00edculo de\u00a0Ariel Noyola Rodr\u00edguez, titulado \u201c\u00bfQu\u00e9 vendr\u00e1 para Europa tras el triunfo del \u2018Brexit\u2019?\u201d, publicado en el portal Russia Today, en fecha 27 del mes de junio de 2016. Aunque las principales encuestadoras publicitaron durante varias semanas que los brit\u00e1nicos estaban convencidos de su permanencia en la Uni\u00f3n Europea, la [&hellip;]<\/p>\n","protected":false},"author":1,"featured_media":9374,"comment_status":"open","ping_status":"open","sticky":false,"template":"","format":"standard","meta":{"footnotes":""},"categories":[14,12],"tags":[53,8,9,72,50],"class_list":["post-9499","post","type-post","status-publish","format-standard","has-post-thumbnail","hentry","category-internacionales","category-politica-3","tag-espana","tag-estados-unidos","tag-francia","tag-japon","tag-reino-unido"],"_links":{"self":[{"href":"https:\/\/debateplural.net\/site\/wp-json\/wp\/v2\/posts\/9499"}],"collection":[{"href":"https:\/\/debateplural.net\/site\/wp-json\/wp\/v2\/posts"}],"about":[{"href":"https:\/\/debateplural.net\/site\/wp-json\/wp\/v2\/types\/post"}],"author":[{"embeddable":true,"href":"https:\/\/debateplural.net\/site\/wp-json\/wp\/v2\/users\/1"}],"replies":[{"embeddable":true,"href":"https:\/\/debateplural.net\/site\/wp-json\/wp\/v2\/comments?post=9499"}],"version-history":[{"count":1,"href":"https:\/\/debateplural.net\/site\/wp-json\/wp\/v2\/posts\/9499\/revisions"}],"predecessor-version":[{"id":9500,"href":"https:\/\/debateplural.net\/site\/wp-json\/wp\/v2\/posts\/9499\/revisions\/9500"}],"wp:featuredmedia":[{"embeddable":true,"href":"https:\/\/debateplural.net\/site\/wp-json\/wp\/v2\/media\/9374"}],"wp:attachment":[{"href":"https:\/\/debateplural.net\/site\/wp-json\/wp\/v2\/media?parent=9499"}],"wp:term":[{"taxonomy":"category","embeddable":true,"href":"https:\/\/debateplural.net\/site\/wp-json\/wp\/v2\/categories?post=9499"},{"taxonomy":"post_tag","embeddable":true,"href":"https:\/\/debateplural.net\/site\/wp-json\/wp\/v2\/tags?post=9499"}],"curies":[{"name":"wp","href":"https:\/\/api.w.org\/{rel}","templated":true}]}}