{"id":9501,"date":"2016-06-27T16:44:43","date_gmt":"2016-06-27T16:44:43","guid":{"rendered":"http:\/\/www.debateplural.com\/?p=9501"},"modified":"2016-07-09T16:46:59","modified_gmt":"2016-07-09T16:46:59","slug":"television-polaca-revela-que-alemania-y-francia-buscan-crear-un-superestado","status":"publish","type":"post","link":"https:\/\/debateplural.net\/site\/2016\/06\/27\/television-polaca-revela-que-alemania-y-francia-buscan-crear-un-superestado\/","title":{"rendered":"Televisi\u00f3n polaca revela que Alemania y Francia buscan crear un superestado"},"content":{"rendered":"<p class=\"b-article__lead\" style=\"text-align: justify;\">La cadena polaca TVP afirma que <a href=\"http:\/\/localhost\/debateplural\/tag\/alemania\">Alemania <\/a>y <a href=\"http:\/\/localhost\/debateplural\/tag\/francia\">Francia<\/a> est\u00e1n gestando la creaci\u00f3n de un superestado en lugar de la Uni\u00f3n Europea.<span id=\"more-6174\"><\/span><\/p>\n<p class=\"b-article__lead\" style=\"text-align: justify;\">El canal cita un documento que el ministro germano de Exteriores, Frank-Walter Steinmeier, supuestamente present\u00f3 en Praga a sus hom\u00f3logos del Grupo de Visegrado (V4), integrado por Rep\u00fablica Checa, Eslovaquia, Hungr\u00eda y Polonia.<\/p>\n<p style=\"text-align: justify;\">La cadena televisiva public\u00f3 en su sitio web un documento de nueve p\u00e1ginas que habr\u00edan elaborado presuntamente los jefes de la diplomacia de Alemania y Francia.<\/p>\n<p style=\"text-align: justify;\">TVP asegura que el plan prev\u00e9 la creaci\u00f3n de un gran Estado europeo que no toma en cuenta a los actores de mayor peso a d\u00eda de hoy.<\/p>\n<p style=\"text-align: justify;\">Los pa\u00edses que se sumen al ente no tendr\u00edan derecho a un Ej\u00e9rcito propio, servicios de inteligencia, pol\u00edticas fiscales, moneda nacional o bancos centrales capaces de defender sus intereses financieros.<\/p>\n<p style=\"text-align: justify;\">Adem\u00e1s las naciones perder\u00edan el control de sus fronteras y de los procedimientos para recibir y recolocar a los refugiados en sus territorios.<\/p>\n<p style=\"text-align: justify;\">El documento limita tambi\u00e9n el papel de la <a href=\"http:\/\/localhost\/debateplural\/tag\/otan\">OTAN<\/a> en el continente europeo.<\/p>\n<p class=\"marker-quote1\" style=\"text-align: justify;\">\u201cNuestros pa\u00edses comparten valores comunes que propician una uni\u00f3n m\u00e1s fuerte entre nuestros ciudadanos. Por ello avanzamos hacia una uni\u00f3n pol\u00edtica en Europa e invitamos a los europeos a tomar parte en este proyecto\u201d, dice el pre\u00e1mbulo del texto, seg\u00fan afirma el canal.<\/p>\n<p style=\"text-align: justify;\">A su vez, Witold Waszczykowski, el ministro de Asuntos Exteriores de Polonia, declar\u00f3 que la iniciativa de crear un \u2018superestado europeo\u2019 podr\u00eda provocar la desintegraci\u00f3n de la <a href=\"http:\/\/localhost\/debateplural\/tag\/ue\">UE<\/a>.<\/p>\n<p class=\"marker-quote1\" style=\"text-align: justify;\">\u201cLa creaci\u00f3n de una uni\u00f3n interna en la UE (\u2026) es una receta para la divisi\u00f3n, para la desintegraci\u00f3n\u201d, declar\u00f3 el jefe de la diplomacia polaca a la televisi\u00f3n TVP.<\/p>\n<p style=\"text-align: justify;\">Waszczykowski hizo este comentario antes de partir en Praga donde se reunir\u00e1 con sus colegas del Grupo Visegr\u00e1d (Eslovaquia, Hungr\u00eda, Polonia y Rep\u00fablica Checa).<\/p>\n<p style=\"text-align: justify;\">El ministro no ocult\u00f3 su rechazo a esa uni\u00f3n interna, pero reconoci\u00f3 que \u201calgunas propuestas son razonables y podr\u00edan considerarse, como la creaci\u00f3n de una Guardia de Fronteras (colectiva) que proteger\u00eda a Europa del flujo de refugiados\u201d.<\/p>\n","protected":false},"excerpt":{"rendered":"<p>La cadena polaca TVP afirma que Alemania y Francia est\u00e1n gestando la creaci\u00f3n de un superestado en lugar de la Uni\u00f3n Europea. El canal cita un documento que el ministro germano de Exteriores, Frank-Walter Steinmeier, supuestamente present\u00f3 en Praga a sus hom\u00f3logos del Grupo de Visegrado (V4), integrado por Rep\u00fablica Checa, Eslovaquia, Hungr\u00eda y Polonia. [&hellip;]<\/p>\n","protected":false},"author":1,"featured_media":9502,"comment_status":"open","ping_status":"open","sticky":false,"template":"","format":"standard","meta":{"footnotes":""},"categories":[],"tags":[7,9,38,52],"class_list":["post-9501","post","type-post","status-publish","format-standard","has-post-thumbnail","hentry","tag-alemania","tag-francia","tag-otan","tag-ue"],"_links":{"self":[{"href":"https:\/\/debateplural.net\/site\/wp-json\/wp\/v2\/posts\/9501"}],"collection":[{"href":"https:\/\/debateplural.net\/site\/wp-json\/wp\/v2\/posts"}],"about":[{"href":"https:\/\/debateplural.net\/site\/wp-json\/wp\/v2\/types\/post"}],"author":[{"embeddable":true,"href":"https:\/\/debateplural.net\/site\/wp-json\/wp\/v2\/users\/1"}],"replies":[{"embeddable":true,"href":"https:\/\/debateplural.net\/site\/wp-json\/wp\/v2\/comments?post=9501"}],"version-history":[{"count":1,"href":"https:\/\/debateplural.net\/site\/wp-json\/wp\/v2\/posts\/9501\/revisions"}],"predecessor-version":[{"id":9503,"href":"https:\/\/debateplural.net\/site\/wp-json\/wp\/v2\/posts\/9501\/revisions\/9503"}],"wp:featuredmedia":[{"embeddable":true,"href":"https:\/\/debateplural.net\/site\/wp-json\/wp\/v2\/media\/9502"}],"wp:attachment":[{"href":"https:\/\/debateplural.net\/site\/wp-json\/wp\/v2\/media?parent=9501"}],"wp:term":[{"taxonomy":"category","embeddable":true,"href":"https:\/\/debateplural.net\/site\/wp-json\/wp\/v2\/categories?post=9501"},{"taxonomy":"post_tag","embeddable":true,"href":"https:\/\/debateplural.net\/site\/wp-json\/wp\/v2\/tags?post=9501"}],"curies":[{"name":"wp","href":"https:\/\/api.w.org\/{rel}","templated":true}]}}