{"id":9566,"date":"2016-06-30T19:12:01","date_gmt":"2016-06-30T19:12:01","guid":{"rendered":"http:\/\/www.debateplural.com\/?p=9566"},"modified":"2016-07-13T19:14:49","modified_gmt":"2016-07-13T19:14:49","slug":"putin-firma-un-decreto-que-cancela-las-restricciones-a-turquia","status":"publish","type":"post","link":"https:\/\/debateplural.net\/site\/2016\/06\/30\/putin-firma-un-decreto-que-cancela-las-restricciones-a-turquia\/","title":{"rendered":"Putin firma un decreto que cancela las restricciones a Turqu\u00eda"},"content":{"rendered":"<p class=\"b-article__lead\" style=\"text-align: justify;\">El presidente ruso, <a href=\"http:\/\/localhost\/debateplural\/tag\/vladimir-putin\">Vlad\u00edmir Putin<\/a>, ha firmado un decreto que levanta las restricciones a<a href=\"http:\/\/localhost\/debateplural\/tag\/turquia\"> Turqu\u00eda<\/a>.<span id=\"more-6245\"><\/span><\/p>\n<div class=\"b-article__text\">\n<p style=\"text-align: justify;\">El texto, publicado en la web del Kremlin, estipula introducir cambios al decreto presidencial del 28 de noviembre de 2015 \u2116 583 \u201csobre las medidas para garantizar la seguridad nacional de la Federaci\u00f3n de\u00a0<a href=\"http:\/\/localhost\/debateplural\/tag\/rusia\">Rusia <\/a>y proteger a los ciudadanos frente a acciones delictivas e ilegales, y sobre la aplicaci\u00f3n de medidas econ\u00f3micas especiales a la Rep\u00fablica de Turqu\u00eda\u201d.<\/p>\n<p style=\"text-align: justify;\">En particular, anula el punto 4, que prev\u00e9 restricciones a la venta de paquetes tur\u00edsticos al pa\u00eds otomano.<\/p>\n<p style=\"text-align: justify;\">Adem\u00e1s, Putin pidi\u00f3 al Gobierno tomar medidas para cancelar restricciones a los vuelos ch\u00e1rter ente ambos pa\u00edses.<\/p>\n<p style=\"text-align: justify;\">El decreto presidencial entra en vigor desde la fecha de su publicaci\u00f3n.<\/p>\n<p style=\"text-align: justify;\">Anteriormente, el 30 de junio, Putin afirm\u00f3 que, despu\u00e9s de que Ankara presentara sus disculpas a Rusia por el derribo del bombardero Su-24 en noviembre pasado, Mosc\u00fa iba a dar los pasos necesarios para normalizar las relaciones bilaterales.<\/p>\n<p style=\"text-align: justify;\">Tras aquel incidente, Rusia impuso restricciones econ\u00f3micas a Turqu\u00eda en los \u00e1mbitos de comercio, educaci\u00f3n, turismo y empleo.<\/p>\n<p style=\"text-align: justify;\">El lunes, Erdogan, en una misiva a Putin, pidi\u00f3 disculpas por el derribo del avi\u00f3n, cumpliendo as\u00ed las demandas presentadas por el pa\u00eds eslavo, que inclu\u00edan pedir perd\u00f3n e iniciar una investigaci\u00f3n contra los sospechosos de asesinar al piloto de la aeronave, Oleg P\u00e9shkov.<\/p>\n<p style=\"text-align: justify;\">Dos d\u00edas despu\u00e9s, Putin y el presidente turco, <a href=\"http:\/\/localhost\/debateplural\/tag\/Recep-Tayyip-Erdogan\">Recep Tayyip Erdogan<\/a>, mantuvieron una conversaci\u00f3n telef\u00f3nica.<\/p>\n<\/div>\n","protected":false},"excerpt":{"rendered":"<p>El presidente ruso, Vlad\u00edmir Putin, ha firmado un decreto que levanta las restricciones a Turqu\u00eda. El texto, publicado en la web del Kremlin, estipula introducir cambios al decreto presidencial del 28 de noviembre de 2015 \u2116 583 \u201csobre las medidas para garantizar la seguridad nacional de la Federaci\u00f3n de\u00a0Rusia y proteger a los ciudadanos frente [&hellip;]<\/p>\n","protected":false},"author":1,"featured_media":9567,"comment_status":"open","ping_status":"open","sticky":false,"template":"","format":"standard","meta":{"footnotes":""},"categories":[14,12],"tags":[81,40,51,42],"class_list":["post-9566","post","type-post","status-publish","format-standard","has-post-thumbnail","hentry","category-internacionales","category-politica-3","tag-recep-tayyip-erdogan","tag-rusia","tag-turquia","tag-vladimir-putin"],"_links":{"self":[{"href":"https:\/\/debateplural.net\/site\/wp-json\/wp\/v2\/posts\/9566"}],"collection":[{"href":"https:\/\/debateplural.net\/site\/wp-json\/wp\/v2\/posts"}],"about":[{"href":"https:\/\/debateplural.net\/site\/wp-json\/wp\/v2\/types\/post"}],"author":[{"embeddable":true,"href":"https:\/\/debateplural.net\/site\/wp-json\/wp\/v2\/users\/1"}],"replies":[{"embeddable":true,"href":"https:\/\/debateplural.net\/site\/wp-json\/wp\/v2\/comments?post=9566"}],"version-history":[{"count":1,"href":"https:\/\/debateplural.net\/site\/wp-json\/wp\/v2\/posts\/9566\/revisions"}],"predecessor-version":[{"id":9568,"href":"https:\/\/debateplural.net\/site\/wp-json\/wp\/v2\/posts\/9566\/revisions\/9568"}],"wp:featuredmedia":[{"embeddable":true,"href":"https:\/\/debateplural.net\/site\/wp-json\/wp\/v2\/media\/9567"}],"wp:attachment":[{"href":"https:\/\/debateplural.net\/site\/wp-json\/wp\/v2\/media?parent=9566"}],"wp:term":[{"taxonomy":"category","embeddable":true,"href":"https:\/\/debateplural.net\/site\/wp-json\/wp\/v2\/categories?post=9566"},{"taxonomy":"post_tag","embeddable":true,"href":"https:\/\/debateplural.net\/site\/wp-json\/wp\/v2\/tags?post=9566"}],"curies":[{"name":"wp","href":"https:\/\/api.w.org\/{rel}","templated":true}]}}