{"id":9629,"date":"2016-06-28T18:06:27","date_gmt":"2016-06-28T18:06:27","guid":{"rendered":"http:\/\/www.debateplural.com\/?p=9629"},"modified":"2016-07-14T18:13:04","modified_gmt":"2016-07-14T18:13:04","slug":"cronologia-de-un-perdon-como-acabo-turquia-pidiendo-disculpas-a-rusia","status":"publish","type":"post","link":"https:\/\/debateplural.net\/site\/2016\/06\/28\/cronologia-de-un-perdon-como-acabo-turquia-pidiendo-disculpas-a-rusia\/","title":{"rendered":"Cronolog\u00eda de un perd\u00f3n: \u00bfC\u00f3mo acab\u00f3 Turqu\u00eda pidiendo disculpas a Rusia?"},"content":{"rendered":"<p style=\"text-align: justify;\">Desde el tr\u00e1gico derribo del Su-24 ruso, en noviembre de 2015, hasta las disculpas del presidente Erdogan, han pasado siete meses. Durante este periodo, las relaciones entre Mosc\u00fa y Ankara no han hecho m\u00e1s que deteriorarse. Les presentamos una cronolog\u00eda de los cambios en la ret\u00f3rica turca sobre el incidente a lo largo de este tiempo.<\/p>\n<p class=\"b-article__lead\" style=\"text-align: justify;\"><strong>24.11.2015<br \/>\n<\/strong>La Fuerza A\u00e9rea turca derriba un avi\u00f3n militar ruso que volv\u00eda a su base tras bombardear posiciones de Daesh en <a href=\"http:\/\/localhost\/debateplural\/tag\/siria\">Siria<\/a>.<\/p>\n<p style=\"text-align: justify;\"><a href=\"http:\/\/localhost\/debateplural\/tag\/vladimir-putin\"><em>Vlad\u00edmir Putin<\/em><\/a><br \/>\n\u201cEl incidente de hoy es una pu\u00f1alada por la espalda, asestada por c\u00f3mplices de los terroristas. Este acontecimiento tr\u00e1gico tendr\u00e1 graves consecuencias para las relaciones ruso-turcas.\u201d<\/p>\n<p style=\"text-align: justify;\"><strong>26.11.2015<br \/>\n<\/strong><em><a href=\"http:\/\/localhost\/debateplural\/tag\/Recep-Tayyip-Erdogan\">Recep Tayyip Erdogan<\/a><br \/>\n<\/em>\u201cPienso que si hay alguien que tiene que disculparse no somos nosotros, sino los que\u00a0violaron nuestro espacio a\u00e9reo. Nuestros pilotos y fuerzas armadas simplemente cumplieron con su deber, que consist\u00eda en responder a estas violaciones\u201d.<\/p>\n<p style=\"text-align: justify;\"><strong>02.12.2015<br \/>\n<\/strong><em>El Ministerio de Defensa de Rusia<br \/>\n<\/em>\u201cHemos localizado tres rutas principales de transporte de petr\u00f3leo a<a href=\"http:\/\/localhost\/debateplural\/tag\/turquia\">Turqu\u00eda<\/a> desde territorios controlados por el<a href=\"http:\/\/localhost\/debateplural\/tag\/estado-islamico\"> Estado Isl\u00e1mico<\/a> en Siria e Irak\u201d.<\/p>\n<p style=\"text-align: justify;\"><em>Recep Tayyip Erdogan<br \/>\n<\/em>\u201cSi Rusia sigue la l\u00ednea actual, tendremos que tomar medidas. Nadie puede decir que Turqu\u00eda compra el petr\u00f3leo de Daesh o tergiversar la informaci\u00f3n. Turqu\u00eda no renunci\u00f3 a sus valores para comprar el petr\u00f3leo de la organizaci\u00f3n terrorista\u201d.<\/p>\n<p style=\"text-align: justify;\"><strong>24.03.2016<br \/>\n<\/strong><em>RT<\/em><strong><br \/>\n<\/strong>\u201cDocumentos, escritos y pertenencias de los terroristas de Daesh encontrados tras su huida prueban la cooperaci\u00f3n entre Turqu\u00eda y el EI. Turqu\u00eda, de hecho, mantiene sus fronteras abiertas para los terroristas\u201d.<\/p>\n<p style=\"text-align: justify;\"><strong>31.03.2016<br \/>\n<\/strong><em>Recep Tayyip Erdogan<br \/>\n<\/em>\u201cNunca hemos hecho nada para limitar la libertad de prensa. Al rev\u00e9s, la prensa en Turqu\u00eda me critica a m\u00ed y al Gobierno. A pesar de esto, respondemos de una manera siempre muy tolerante\u201d.<\/p>\n<p style=\"text-align: justify;\"><strong>14.04.2016<\/strong><br \/>\n<em>Sputnik Turqu\u00eda<br \/>\n<\/em>\u201cEl sitio web de la agencia Sputnik fue bloqueado en Turqu\u00eda. La agencia no recibi\u00f3 ninguna notificaci\u00f3n de las autoridades turcas sobre el bloqueo,\u00a0ni tampoco despu\u00e9s de que cerraran el acceso\u201d.<\/p>\n<p style=\"text-align: justify;\"><strong>13.05.2016<br \/>\n<\/strong><em>Sputnik Turqu\u00eda<br \/>\n<\/em>\u201cLos terroristas de Daesh reciben tratamiento m\u00e9dico en Turqu\u00eda\u201d.<\/p>\n<p style=\"text-align: justify;\"><strong>31.05.2016<br \/>\n<\/strong><em>Recep Tayyip Erdogan<\/em><strong><br \/>\n<\/strong>\u201cNo entiendo qu\u00e9 se espera de nosotros. No somos un pa\u00eds que est\u00e1 en el banquillo de los acusados. No queremos pelearnos con Rusia. Al rev\u00e9s, somos un pa\u00eds que quiere desarrollar sus relaciones con Rusia. \u00c9ramos amigos del presidente Putin y nos hace reflexionar el hecho de que se sacrificaran las relaciones con un gran pa\u00eds como Turqu\u00eda tras el incidente con el Su-24\u201d.<\/p>\n<p style=\"text-align: justify;\"><strong>01.06.2016<br \/>\n<\/strong><em>Dmitri Peskov, portavoz de Kremlin<br \/>\n<\/em>\u201cNo creo que pueda aconsejar al presidente de otro pa\u00eds, ser\u00eda incorrecto. Pero pienso que es necesario recordar lo que ha dicho repetidamente el presidente de Rusia.<\/p>\n<p style=\"text-align: justify;\">Unos d\u00edas despu\u00e9s del asesinato de nuestro piloto, el presidente\u00a0\u2014ruso\u00ad\u2014 dijo que tras estas acciones agresivas y desleales, la parte rusa espera disculpas, la aclaraci\u00f3n de las razones de lo ocurrido y una indemnizaci\u00f3n por el avi\u00f3n derribado, adem\u00e1s de una compensaci\u00f3n a la familia del\u00a0piloto fallecido. No se ha avanzado en ninguno de estos pasos\u201d.<\/p>\n<p style=\"text-align: justify;\"><strong>27.06.2016<\/strong><br \/>\n<em>Recep Tayyip Erdogan<\/em><\/p>\n<p style=\"text-align: justify;\">\u201cNosotros nunca hemos tenido deseo ni intenci\u00f3n de derribar un avi\u00f3n que pertenece a la Federaci\u00f3n de Rusia. Nosotros llevamos a cabo todo este trabajo a un nivel digno de las relaciones ruso-turcas.<\/p>\n<p style=\"text-align: justify;\">Quiero reiterar mis profundas condolencias a la familia del fallecido piloto ruso y por eso pido perd\u00f3n. Con todo mi coraz\u00f3n comparto su dolor. Percibimos la familia del piloto ruso como una familia turca.<br \/>\nCon el fin de aliviar el sufrimiento y la gravedad de los da\u00f1os causados, estamos listos para cualquier iniciativa\u201d.<\/p>\n","protected":false},"excerpt":{"rendered":"<p>Desde el tr\u00e1gico derribo del Su-24 ruso, en noviembre de 2015, hasta las disculpas del presidente Erdogan, han pasado siete meses. Durante este periodo, las relaciones entre Mosc\u00fa y Ankara no han hecho m\u00e1s que deteriorarse. Les presentamos una cronolog\u00eda de los cambios en la ret\u00f3rica turca sobre el incidente a lo largo de este [&hellip;]<\/p>\n","protected":false},"author":1,"featured_media":8284,"comment_status":"open","ping_status":"open","sticky":false,"template":"","format":"standard","meta":{"footnotes":""},"categories":[14,12],"tags":[54,81,41,51,42],"class_list":["post-9629","post","type-post","status-publish","format-standard","has-post-thumbnail","hentry","category-internacionales","category-politica-3","tag-estado-islamico","tag-recep-tayyip-erdogan","tag-siria","tag-turquia","tag-vladimir-putin"],"_links":{"self":[{"href":"https:\/\/debateplural.net\/site\/wp-json\/wp\/v2\/posts\/9629"}],"collection":[{"href":"https:\/\/debateplural.net\/site\/wp-json\/wp\/v2\/posts"}],"about":[{"href":"https:\/\/debateplural.net\/site\/wp-json\/wp\/v2\/types\/post"}],"author":[{"embeddable":true,"href":"https:\/\/debateplural.net\/site\/wp-json\/wp\/v2\/users\/1"}],"replies":[{"embeddable":true,"href":"https:\/\/debateplural.net\/site\/wp-json\/wp\/v2\/comments?post=9629"}],"version-history":[{"count":1,"href":"https:\/\/debateplural.net\/site\/wp-json\/wp\/v2\/posts\/9629\/revisions"}],"predecessor-version":[{"id":9630,"href":"https:\/\/debateplural.net\/site\/wp-json\/wp\/v2\/posts\/9629\/revisions\/9630"}],"wp:featuredmedia":[{"embeddable":true,"href":"https:\/\/debateplural.net\/site\/wp-json\/wp\/v2\/media\/8284"}],"wp:attachment":[{"href":"https:\/\/debateplural.net\/site\/wp-json\/wp\/v2\/media?parent=9629"}],"wp:term":[{"taxonomy":"category","embeddable":true,"href":"https:\/\/debateplural.net\/site\/wp-json\/wp\/v2\/categories?post=9629"},{"taxonomy":"post_tag","embeddable":true,"href":"https:\/\/debateplural.net\/site\/wp-json\/wp\/v2\/tags?post=9629"}],"curies":[{"name":"wp","href":"https:\/\/api.w.org\/{rel}","templated":true}]}}