{"id":9656,"date":"2016-07-15T16:36:10","date_gmt":"2016-07-15T16:36:10","guid":{"rendered":"http:\/\/www.debateplural.com\/?p=9656"},"modified":"2016-07-15T16:36:10","modified_gmt":"2016-07-15T16:36:10","slug":"la-raiz-del-problema-del-yihadismo-se-llama-estados-unidos","status":"publish","type":"post","link":"https:\/\/debateplural.net\/site\/2016\/07\/15\/la-raiz-del-problema-del-yihadismo-se-llama-estados-unidos\/","title":{"rendered":"\"La ra\u00edz del problema del yihadismo se llama Estados Unidos\""},"content":{"rendered":"<p style=\"text-align: justify;\">Tras el \u00faltimo golpe del terrorismo isl\u00e1mico sufrido en Niza, reflexionamos con el experto geopol\u00edtico Fernando Morag\u00f3n sobre las ra\u00edces hist\u00f3ricas del problema.<\/p>\n<p style=\"text-align: justify;\">El\u00a0atentado en Niza\u00a0se suma a una larga serie de ataques que ya no pueden de ninguna manera considerarse como incidentes espor\u00e1dicos o aislados, sino como episodios -tristemente previsibles- de una situaci\u00f3n geopol\u00edtica conflictiva y degenerada, que parece a\u00fan lejos de su soluci\u00f3n.<\/p>\n<p style=\"text-align: justify;\">En RT hemos querido rastrear el origen hist\u00f3rico de esta situaci\u00f3n, y para ello hemos consultado con el experto en geopol\u00edtica y Presidente del Observatorio Hispano Ruso de Eurasia, Fernando Morag\u00f3n.<\/p>\n<h3>La ra\u00edz<\/h3>\n<p style=\"text-align: justify;\">\"El reciente atentado de Niza no se gesta hace poco, viene de muy lejos en el tiempo &#8211; explica Morag\u00f3n-. Los actuales yihadistas son los 'hijos ideol\u00f3gicos' de los viejos muyahaidines afganos, aquellos 'luchadores por la libertad', como los calificaba el expresidente norteamericano Ronald Reagan, que fueron apoyados con armamento y financiaci\u00f3n por los <a href=\"http:\/\/localhost\/debateplural\/tag\/estados-unidos\">Estados Unidos<\/a>. en su lucha contra la Uni\u00f3n Sovi\u00e9tica\".<\/p>\n<p style=\"text-align: justify;\">A la sombra del horror de hoy, resulta llamativo y escandaloso recordar unas declaraciones que el propio Fernando Morag\u00f3n nos recuerda. Son del ex-consejero de seguridad del ex-presidente norteamericano Jimmy Carter, Zbigniew Brzezinski. Un periodista del semanario 'Le Nouvelle Observateur' le preguntaba, en enero de 1998:\u00a0\"<em>\u00bf<\/em>Tampoco se arrepiente usted de haber favorecido el integrismo islamista, de haber aportado armas y consejo a futuros terroristas?\", a lo que este respond\u00eda: \"<em>\u00bf<\/em>Qu\u00e9 es lo m\u00e1s importante para la historia mundial? \u00bfLos talibanes o la ca\u00edda del imperio sovi\u00e9tico? \u00bfAlgunos locos islamistas o la liberaci\u00f3n de <a href=\"http:\/\/localhost\/debateplural\/tag\/europa\">Europa<\/a> central y el fin de la guerra fr\u00eda?\"<em>.\u00a0<\/em><\/p>\n<p style=\"text-align: justify;\">\"Desgraciadamente, esta forma de pensar ha seguido siendo una constante en la pol\u00edtica exterior estadounidense hasta hoy en d\u00eda-se\u00f1ala Morag\u00f3n-. Esta misma l\u00f3gica es, en el fondo, la que est\u00e1n aplicando actualmente los EE.UU. contra <a href=\"http:\/\/localhost\/debateplural\/tag\/rusia\">Rusia<\/a>. Desaparecida la Uni\u00f3n Sovi\u00e9tica, eliminado el conflicto ideol\u00f3gico entre la capitalista EE.UU. y la comunista URSS, la guerra fr\u00eda termin\u00f3 para Rusia; pero no para los EE.UU\".<\/p>\n<h3>Las causas<\/h3>\n<p style=\"text-align: justify;\">Morag\u00f3n explica a continuaci\u00f3n la ambig\u00fcedad hist\u00f3rica de los Estados Unidos en relaci\u00f3n al terrorismo: \"Hasta los atentados del 11-S los EE.UU. apoyaron a los talibanes en Afganist\u00e1n; y en su \"guerra mundial contra el terrorismo\" han atacado, ocupado y destruido pa\u00edses \u00e1rabes como<a href=\"http:\/\/localhost\/debateplural\/tag\/irak\"> Irak<\/a>, <a href=\"http:\/\/localhost\/debateplural\/tag\/libia\">Libia<\/a> y <a href=\"http:\/\/localhost\/debateplural\/tag\/siria\">Siria<\/a>, que, si bien eran dictaduras (como suced\u00eda en todos los pa\u00edses \u00e1rabes, no hay que olvidarlo), tambi\u00e9n eran reg\u00edmenes laicos en cuyos territorios no hab\u00eda grupos yihadistas\u00a0(ni, en el caso de Irak, \"armas de destrucci\u00f3n masiva\").<\/p>\n<p style=\"text-align: justify;\">Quiz\u00e1 el de Irak es el ejemplo m\u00e1s claro de esta relaci\u00f3n causa-efecto que ya se puede leer con claridad en la Historia: \"En el Irak de Sadam Husein no hab\u00eda ni un solo yihadista. La invasi\u00f3n, ocupaci\u00f3n, destrucci\u00f3n de las estructuras estatales iraqu\u00edes, la sectarizaci\u00f3n de la sociedad iraqu\u00ed y un largo etc. llevadas a cabo por los estadounidenses abrieron de par en par el pa\u00eds a Al-Queda, que bajo distintos nombres, se fue transformando hasta convertirse en el Estado Isl\u00e1mico. La Al-Qaeda fundada por bin-Laden o el Estado Isl\u00e1mico son los que est\u00e1n detr\u00e1s de los atentados sufridos en Europa en los \u00faltimos a\u00f1os, y tambi\u00e9n del ocurrido este jueves 14 de julio en Niza. Todo gracias al constante apoyo a los grupos yihadistas que los Estados Unidos les dan hasta que se hacen incontrolables y se vuelven contra ellos\".<\/p>\n<p style=\"text-align: justify;\">Sin embargo, para Morag\u00f3n, hay m\u00e1s responsables: \"Europa, incluida Francia, es corresponsable de este desastre participando en las campa\u00f1as militares lideradas por los EE.UU. y financiando y armando a estos grupos como lo han hecho en Siria\". Y a\u00f1ade, con amargura: \"Ahora toca la hora de los lamentos, las condolencias, del 'todos somos Niza', de las banderitas francesas en las redes sociales y, lo que es extremadamente preocupante, de aprovechar el miedo de las sociedades europeas para restringir derechos y libertades en favor de una mayor y falsa seguridad\".<\/p>\n<h3 style=\"text-align: justify;\">Intereses de largo alcance<\/h3>\n<p style=\"text-align: justify;\">\"Al atacar Afganist\u00e1n, Irak, Libia o Siria, y promover el yihadismo, los EE.UU. est\u00e1n tambi\u00e9n atacando los intereses de Rusia; as\u00ed como lo hacen promoviendo golpes de estado blandos, como el de Ucrania; poni\u00e9ndole sanciones econ\u00f3micas, y obligando a los europeos a que se las pongan\", se\u00f1ala Fernando Morag\u00f3n.<\/p>\n<p style=\"text-align: justify;\">Este experto en geopol\u00edtica insiste en aclarar que para los Estados Unidos, el verdadero enemigo sigue siendo \"Rusia, a la que el Secretario de Defensa norteamericano, Ashton Carter, ha puesto en el n\u00famero uno de los peligros que acechan al mundo, por encima del mism\u00edsimo Estado Isl\u00e1mico, que ocupa una discreta quinta posici\u00f3n, despu\u00e9s de China, Ir\u00e1n, y Corea del Norte\". A su modo de entender, sin embargo, \"Rusia es el \u00fanico pa\u00eds que se est\u00e1 enfrentando claramente y sin dobles agendas al yihadismo en el mundo\".<\/p>\n<h3 style=\"text-align: justify;\">Las consecuencias<\/h3>\n<p style=\"text-align: justify;\">Fernando Morag\u00f3n encuentra muy preocupantes algunos de los escenarios que se pueden plantear, y que parecen m\u00e1s probables a la luz de las recientes experiencias vividas en occidente tras cada atentado: \"\u00bfprolongar\u00e1 el estado de emergencia en Francia el presidente Hollande con lo que eso supone de recorte en las libertades y los derechos de sus ciudadanos? \u00bfEstigmatizaran m\u00e1s los gobiernos europeos a inmigrantes, refugiados, o ciudadanos \"no blancos\", como causa de los atentados, adem\u00e1s de hacerlo del desempleo o de la violencia de g\u00e9nero? La ultraderecha europea debe estar exultante de alegr\u00eda\".<\/p>\n<p style=\"text-align: justify;\">En cuanto al futuro de la amenaza terrorista, si seguimos respondiendo como hasta ahora, sus vaticinios son oscuros: \"Despu\u00e9s del atentado de Niza vendr\u00e1n otros y no conseguiremos eliminar el problema de los ataques yihadistas con medidas policiales o con m\u00e1s seguridad y menos derechos\".<\/p>\n<p style=\"text-align: justify;\">\u00bfComo se puede conseguir entonces? Fernando Morag\u00f3n es claro al respecto: \"Para ello hay que ir a la ra\u00edz del problema y esa ra\u00edz se llama Estados Unidos y su pol\u00edtica de apoyar a los movimientos yihadistas y a sus aliados, como Arabia Saud\u00ed\". Y concluye: \"En \u00faltima instancia, los norteamericanos son los responsables finales, de manera indirecta, del atentado de Niza\".<\/p>\n<p style=\"text-align: justify;\">En su opini\u00f3n, la actitud de los Estados Unidos al respecto del problema del yihadismo actual, podr\u00eda expresarse en t\u00e9rminos similares a los que utiliz\u00f3\u00a0Zbigniew Brzezinski, citado al principio de \u00e9ste art\u00edculo: \"\u00bfQu\u00e9 es lo m\u00e1s importante para la historia mundial? \u00bfLos talibanes, el Estado Isl\u00e1mico, unos cuantos pa\u00edses \u00e1rabes o la ca\u00edda de Rusia? \u00bfAlgunos locos islamistas o el mantenimiento de la hegemon\u00eda mundial norteamericana?\"<\/p>\n<p style=\"text-align: justify;\">\n","protected":false},"excerpt":{"rendered":"<p>Tras el \u00faltimo golpe del terrorismo isl\u00e1mico sufrido en Niza, reflexionamos con el experto geopol\u00edtico Fernando Morag\u00f3n sobre las ra\u00edces hist\u00f3ricas del problema. El\u00a0atentado en Niza\u00a0se suma a una larga serie de ataques que ya no pueden de ninguna manera considerarse como incidentes espor\u00e1dicos o aislados, sino como episodios -tristemente previsibles- de una situaci\u00f3n geopol\u00edtica [&hellip;]<\/p>\n","protected":false},"author":1,"featured_media":8834,"comment_status":"open","ping_status":"open","sticky":false,"template":"","format":"standard","meta":{"footnotes":""},"categories":[14,12],"tags":[8,67,45,71,40,41],"class_list":["post-9656","post","type-post","status-publish","format-standard","has-post-thumbnail","hentry","category-internacionales","category-politica-3","tag-estados-unidos","tag-europa","tag-irak","tag-libia","tag-rusia","tag-siria"],"_links":{"self":[{"href":"https:\/\/debateplural.net\/site\/wp-json\/wp\/v2\/posts\/9656"}],"collection":[{"href":"https:\/\/debateplural.net\/site\/wp-json\/wp\/v2\/posts"}],"about":[{"href":"https:\/\/debateplural.net\/site\/wp-json\/wp\/v2\/types\/post"}],"author":[{"embeddable":true,"href":"https:\/\/debateplural.net\/site\/wp-json\/wp\/v2\/users\/1"}],"replies":[{"embeddable":true,"href":"https:\/\/debateplural.net\/site\/wp-json\/wp\/v2\/comments?post=9656"}],"version-history":[{"count":1,"href":"https:\/\/debateplural.net\/site\/wp-json\/wp\/v2\/posts\/9656\/revisions"}],"predecessor-version":[{"id":9657,"href":"https:\/\/debateplural.net\/site\/wp-json\/wp\/v2\/posts\/9656\/revisions\/9657"}],"wp:featuredmedia":[{"embeddable":true,"href":"https:\/\/debateplural.net\/site\/wp-json\/wp\/v2\/media\/8834"}],"wp:attachment":[{"href":"https:\/\/debateplural.net\/site\/wp-json\/wp\/v2\/media?parent=9656"}],"wp:term":[{"taxonomy":"category","embeddable":true,"href":"https:\/\/debateplural.net\/site\/wp-json\/wp\/v2\/categories?post=9656"},{"taxonomy":"post_tag","embeddable":true,"href":"https:\/\/debateplural.net\/site\/wp-json\/wp\/v2\/tags?post=9656"}],"curies":[{"name":"wp","href":"https:\/\/api.w.org\/{rel}","templated":true}]}}