{"id":9668,"date":"2016-07-16T13:43:02","date_gmt":"2016-07-16T13:43:02","guid":{"rendered":"http:\/\/www.debateplural.com\/?p=9668"},"modified":"2016-07-16T13:43:02","modified_gmt":"2016-07-16T13:43:02","slug":"merkel-se-prepara-para-la-batalla-mas-feroz-de-su-vida","status":"publish","type":"post","link":"https:\/\/debateplural.net\/site\/2016\/07\/16\/merkel-se-prepara-para-la-batalla-mas-feroz-de-su-vida\/","title":{"rendered":"Merkel se prepara para la batalla m\u00e1s feroz de su vida"},"content":{"rendered":"<p class=\"b-article__lead\" style=\"text-align: justify;\">La salida del <a href=\"http:\/\/localhost\/debateplural\/tag\/reino-unido\">Reino Unido <\/a>de la <a href=\"http:\/\/localhost\/debateplural\/tag\/ue\">UE <\/a>pone en riesgo todo lo que <a href=\"http:\/\/localhost\/debateplural\/tag\/angela-merkel\">Angela Merkel<\/a> ha logrado en la \u00faltima d\u00e9cada. A la canciller alemana le preocupa que se propague la amenaza de salida de otros pa\u00edses, puesto que puede perder peso pol\u00edtico en <a href=\"http:\/\/localhost\/debateplural\/tag\/europa\">Europa<\/a>, escribe el Financial Times.<\/p>\n<div class=\"b-article__text\">\n<p style=\"text-align: justify;\">\"Ella enfrenta un desaf\u00edo hist\u00f3rico: mantener a Europa unida. Es el inter\u00e9s tanto de Alemania como de Europa. No cabe duda, est\u00e1 muy preocupada\", opin\u00f3 el profesor de Pol\u00edtica de la Universidad de Mainz, J\u00fcrgen Falter.<\/p>\n<p style=\"text-align: justify;\">Cuando se dieron a conocer los resultados del <strong>Brexit<\/strong>, Merkel los calific\u00f3 de \"lamentables\". En realidad tiene miedo de haber perdido a uno de sus principales aliados\u00a0\u2014Reino Unido\u2014, publica el diario.<\/p>\n<p style=\"text-align: justify;\">Ahora, la l\u00edder har\u00e1 todo lo posible para que Londres permanezca lo m\u00e1s cerca posible de los 27 miembros restantes de la UE y, sobre todo, de<a href=\"http:\/\/localhost\/debateplural\/tag\/alemania\"> Alemania<\/a>. A\u00fan m\u00e1s, dentro de la Uni\u00f3n, Merkel tendr\u00e1 que hacer frente a los dem\u00e1s mandatarios, que tienen su propia visi\u00f3n del futuro del continente.<\/p>\n<p style=\"text-align: justify;\">\"La influencia de Merkel\u00a0\u2014en la UE\u2014 se debilitar\u00e1. El Brexit llevar\u00e1 a m\u00e1s divisiones y discrepancias\", opin\u00f3 el jefe de la Oficina del Consejo Europeo para los Asuntos Exteriores en Berl\u00edn, Josef Janning.<\/p>\n<p style=\"text-align: justify;\">Otro desaf\u00edo para Merkel ser\u00e1n las elecciones parlamentarias de 2017, primeras despu\u00e9s de la crisis migratoria en Europa. El partido de la canciller, la Uni\u00f3n Dem\u00f3crata Cristiana (CDU), pierde posiciones ante la formaci\u00f3n de derechas Alternativa para Alemania, que propaga su agenda antiinmigraci\u00f3n. El apoyo a los conservadores moderados germanos en los \u00faltimos a\u00f1os cay\u00f3 del 41% al 33% y, ahora, amenaza al papel de Merkel en la UE a ra\u00edz de la impopular pol\u00edtica nacional hacia los inmigrantes.<\/p>\n<p style=\"text-align: justify;\">\"Es absurdo el hecho de que llamen a Merkel la salvadora de Europa\", plante\u00f3 el vicepresidente del Parlamento Europeo, Alexander Lambsdorff.<\/p>\n<p style=\"text-align: justify;\">Pese a sus propuestas para solucionar varias crisis europeas\u00a0\u2014las de Grecia y Ucrania\u2014, Merkel mantuvo una postura r\u00edgida y exigi\u00f3 las concesiones de los pa\u00edses m\u00e1s peque\u00f1os, como Hungr\u00eda, de manera que perdi\u00f3 su influencia en el Consejo Europeo, destaca el Financial Times.<\/p>\n<p style=\"text-align: justify;\">Dada la situaci\u00f3n actual, es posible que Merkel preste m\u00e1s atenci\u00f3n a los asuntos dom\u00e9sticos. Mientras, el Brexit consumir\u00e1 los recursos burocr\u00e1ticos de la UE dejando atr\u00e1s refugiados, Grecia y otros problemas. As\u00ed, el rol de Alemania y Merkel en el futuro de Europa est\u00e1 poco claro.<\/p>\n<\/div>\n","protected":false},"excerpt":{"rendered":"<p>La salida del Reino Unido de la UE pone en riesgo todo lo que Angela Merkel ha logrado en la \u00faltima d\u00e9cada. A la canciller alemana le preocupa que se propague la amenaza de salida de otros pa\u00edses, puesto que puede perder peso pol\u00edtico en Europa, escribe el Financial Times. \"Ella enfrenta un desaf\u00edo hist\u00f3rico: [&hellip;]<\/p>\n","protected":false},"author":1,"featured_media":8018,"comment_status":"open","ping_status":"open","sticky":false,"template":"","format":"standard","meta":{"footnotes":""},"categories":[14,12],"tags":[7,65,67,50,52],"class_list":["post-9668","post","type-post","status-publish","format-standard","has-post-thumbnail","hentry","category-internacionales","category-politica-3","tag-alemania","tag-angela-merkel","tag-europa","tag-reino-unido","tag-ue"],"_links":{"self":[{"href":"https:\/\/debateplural.net\/site\/wp-json\/wp\/v2\/posts\/9668"}],"collection":[{"href":"https:\/\/debateplural.net\/site\/wp-json\/wp\/v2\/posts"}],"about":[{"href":"https:\/\/debateplural.net\/site\/wp-json\/wp\/v2\/types\/post"}],"author":[{"embeddable":true,"href":"https:\/\/debateplural.net\/site\/wp-json\/wp\/v2\/users\/1"}],"replies":[{"embeddable":true,"href":"https:\/\/debateplural.net\/site\/wp-json\/wp\/v2\/comments?post=9668"}],"version-history":[{"count":1,"href":"https:\/\/debateplural.net\/site\/wp-json\/wp\/v2\/posts\/9668\/revisions"}],"predecessor-version":[{"id":9669,"href":"https:\/\/debateplural.net\/site\/wp-json\/wp\/v2\/posts\/9668\/revisions\/9669"}],"wp:featuredmedia":[{"embeddable":true,"href":"https:\/\/debateplural.net\/site\/wp-json\/wp\/v2\/media\/8018"}],"wp:attachment":[{"href":"https:\/\/debateplural.net\/site\/wp-json\/wp\/v2\/media?parent=9668"}],"wp:term":[{"taxonomy":"category","embeddable":true,"href":"https:\/\/debateplural.net\/site\/wp-json\/wp\/v2\/categories?post=9668"},{"taxonomy":"post_tag","embeddable":true,"href":"https:\/\/debateplural.net\/site\/wp-json\/wp\/v2\/tags?post=9668"}],"curies":[{"name":"wp","href":"https:\/\/api.w.org\/{rel}","templated":true}]}}