{"id":9769,"date":"2016-07-21T15:09:16","date_gmt":"2016-07-21T15:09:16","guid":{"rendered":"http:\/\/www.debateplural.com\/?p=9769"},"modified":"2016-07-21T15:09:16","modified_gmt":"2016-07-21T15:09:16","slug":"asad-erdogan-utiliza-el-golpe-para-ejecutar-su-agenda-extremista-en-turquia","status":"publish","type":"post","link":"https:\/\/debateplural.net\/site\/2016\/07\/21\/asad-erdogan-utiliza-el-golpe-para-ejecutar-su-agenda-extremista-en-turquia\/","title":{"rendered":"Asad: Erdogan utiliza el golpe para ejecutar su \"agenda extremista\" en Turqu\u00eda"},"content":{"rendered":"<p class=\"b-article__lead\" style=\"text-align: justify;\">El presidente turco, <a href=\"http:\/\/localhost\/debateplural\/tag\/Recep-Tayyip-Erdogan\">Recep Tayyip Erdogan<\/a>, lleva a cabo su plan \"extremista\" con el pretexto del golpe de Estado del 15 de julio, sostuvo el mandatario sirio <a href=\"http:\/\/localhost\/debateplural\/tag\/bashar-al-asad\">Bashar al Asad<\/a>.<\/p>\n<div class=\"b-article__text\">\n<p class=\"marker-quote1\" style=\"text-align: justify;\">\"Ha utilizado el golpe para ejecutar su agenda extremista y que es la misma de la Hermandad Musulmana en suelo turco, y esto es muy peligroso para Turqu\u00eda y para los pa\u00edses vecinos, incluida <a href=\"http:\/\/localhost\/debateplural\/tag\/siria\">Siria<\/a>\", dijo Asad en una entrevista a la agencia Prensa Latina.<\/p>\n<p class=\"marker-quote1\" style=\"text-align: justify;\">El l\u00edder sirio cuestion\u00f3 las medidas de Erdogan tras la intentona golpista.<\/p>\n<p style=\"text-align: justify;\">\"Comenzaron a atacar al sistema judicial, expulsaron a mas de 2.700 jueces de sus cargos, mas de 1.500 profesores universitarios y mas de 15.000 empleados de la ense\u00f1anza (\u2026) \u00bfqu\u00e9 relaci\u00f3n tienen las universidades, los jueces y la sociedad civil con el golpe?\", subray\u00f3.<\/p>\n<p style=\"text-align: justify;\">Seg\u00fan Asad, el golpe es \"un reflejo de la inestabilidad y los disturbios dentro de Turqu\u00eda, especialmente a nivel social\".<\/p>\n<p style=\"text-align: justify;\">\"Cuando un pa\u00eds se desestabiliza, la causa principal radica en su propia sociedad\", apostill\u00f3.<\/p>\n<p style=\"text-align: justify;\">Turqu\u00eda vivi\u00f3 en la noche del 15 de julio un intento de golpe militar que se sald\u00f3 con 232 muertos y m\u00e1s de 1.500 heridos, seg\u00fan datos oficiales, a lo que sigui\u00f3 una masiva campa\u00f1a de detenciones.<\/p>\n<p>Las autoridades otomanas decretaron el estado de excepci\u00f3n en el pa\u00eds por tres meses a partir del jueves y dejaron sin efecto la Convenci\u00f3n Europea de Derechos Humanos durante ese periodo.<\/p>\n<\/div>\n","protected":false},"excerpt":{"rendered":"<p>El presidente turco, Recep Tayyip Erdogan, lleva a cabo su plan \"extremista\" con el pretexto del golpe de Estado del 15 de julio, sostuvo el mandatario sirio Bashar al Asad. \"Ha utilizado el golpe para ejecutar su agenda extremista y que es la misma de la Hermandad Musulmana en suelo turco, y esto es muy [&hellip;]<\/p>\n","protected":false},"author":1,"featured_media":7160,"comment_status":"open","ping_status":"open","sticky":false,"template":"","format":"standard","meta":{"footnotes":""},"categories":[14,12],"tags":[60,81,41],"class_list":["post-9769","post","type-post","status-publish","format-standard","has-post-thumbnail","hentry","category-internacionales","category-politica-3","tag-bashar-al-asad","tag-recep-tayyip-erdogan","tag-siria"],"_links":{"self":[{"href":"https:\/\/debateplural.net\/site\/wp-json\/wp\/v2\/posts\/9769"}],"collection":[{"href":"https:\/\/debateplural.net\/site\/wp-json\/wp\/v2\/posts"}],"about":[{"href":"https:\/\/debateplural.net\/site\/wp-json\/wp\/v2\/types\/post"}],"author":[{"embeddable":true,"href":"https:\/\/debateplural.net\/site\/wp-json\/wp\/v2\/users\/1"}],"replies":[{"embeddable":true,"href":"https:\/\/debateplural.net\/site\/wp-json\/wp\/v2\/comments?post=9769"}],"version-history":[{"count":2,"href":"https:\/\/debateplural.net\/site\/wp-json\/wp\/v2\/posts\/9769\/revisions"}],"predecessor-version":[{"id":9771,"href":"https:\/\/debateplural.net\/site\/wp-json\/wp\/v2\/posts\/9769\/revisions\/9771"}],"wp:featuredmedia":[{"embeddable":true,"href":"https:\/\/debateplural.net\/site\/wp-json\/wp\/v2\/media\/7160"}],"wp:attachment":[{"href":"https:\/\/debateplural.net\/site\/wp-json\/wp\/v2\/media?parent=9769"}],"wp:term":[{"taxonomy":"category","embeddable":true,"href":"https:\/\/debateplural.net\/site\/wp-json\/wp\/v2\/categories?post=9769"},{"taxonomy":"post_tag","embeddable":true,"href":"https:\/\/debateplural.net\/site\/wp-json\/wp\/v2\/tags?post=9769"}],"curies":[{"name":"wp","href":"https:\/\/api.w.org\/{rel}","templated":true}]}}