{"id":9795,"date":"2016-07-22T14:12:48","date_gmt":"2016-07-22T14:12:48","guid":{"rendered":"http:\/\/www.debateplural.com\/?p=9795"},"modified":"2016-07-22T14:12:48","modified_gmt":"2016-07-22T14:12:48","slug":"la-deriva-autoritaria-de-erdogan-en-cifras-y-hechos","status":"publish","type":"post","link":"https:\/\/debateplural.net\/site\/2016\/07\/22\/la-deriva-autoritaria-de-erdogan-en-cifras-y-hechos\/","title":{"rendered":"La deriva autoritaria de Erdogan en cifras y hechos"},"content":{"rendered":"<p style=\"text-align: justify;\">Estado de emergencia durante tres meses, 11.000 detenciones y 60.000 despidos. As\u00ed ha reaccionado el Gobierno turco al fallido golpe de Estado perpetrado el pasado viernes por varias facciones del ej\u00e9rcito.<\/p>\n<p style=\"text-align: justify;\">El presidente turco, <a href=\"http:\/\/localhost\/debateplural\/tag\/Recep-Tayyip-Erdogan\">Recep Tayyip Erdogan<\/a>, ha reaccionado al fallido\u00a0golpe de Estado del pasado viernes con una aparente deriva autoritaria que, hasta el momento, se ha traducido en la imposici\u00f3n del estado de emergencia durante los pr\u00f3ximos tres meses, 11.000 detenidos y m\u00e1s de 60.000 personas apartadas de su cargo.<\/p>\n<p style=\"text-align: justify;\">El Gobierno de Ankara ha culpado al cl\u00e9rigo Fethullah Gulen, actualmente en <a href=\"http:\/\/localhost\/debateplural\/tag\/estados-unidos\">Estados Unidos<\/a>, de esta intentona golpista, que comenz\u00f3 el viernes por la noche, cuando varias facciones de las Fuerzas Armadas de <a href=\"http:\/\/localhost\/debateplural\/tag\/turquia\">Turqu\u00eda<\/a> se sublevaron contra el presidente.<\/p>\n<h3 style=\"text-align: justify;\"><strong>Estado de emergencia: derechos constitucionales afectados<\/strong><\/h3>\n<p style=\"text-align: justify;\">El presidente Erdogan decret\u00f3\u00a0el mi\u00e9rcoles el estado de emergencia durante tres meses en todo el territorio turco. La decisi\u00f3n fue adoptada durante una reuni\u00f3n de m\u00e1s de cinco horas del Consejo de Seguridad Nacional para evaluar las medidas a tomar tras la sublevaci\u00f3n militar.<\/p>\n<p style=\"text-align: justify;\">\"Con motivo del intento de golpe militar en Turqu\u00eda, seg\u00fan el Art\u00edculo 120 de la Constituci\u00f3n, se introduce el estado de excepci\u00f3n durante tres meses con el objetivo de implementar medidas para garantizar los derechos y las libertades de los ciudadanos de la forma m\u00e1s pronta y eficaz\", declar\u00f3 el mandatario turco.<\/p>\n<p style=\"text-align: justify;\">Esta medida de excepci\u00f3n permite a las autoridades imponer severas restricciones a derechos constitucionales, como son las libertades de <strong>movimiento, reuni\u00f3n y expresi\u00f3n<\/strong>. Adem\u00e1s, el Gobierno turco podr\u00e1 imponer <strong>toques de queda<\/strong>, hacer <strong>registros<\/strong> sin autorizaci\u00f3n judicial previa e, incluso, suspender <strong>contratos laborales<\/strong>.<\/p>\n<p style=\"text-align: justify;\">Adem\u00e1s, durante los pr\u00f3ximo tres meses, las autoridades podr\u00e1n prohibir o censurar<strong>publicaciones<\/strong> de prensa, radio y televisi\u00f3n, as\u00ed como actuaciones culturales como obras de teatro o pel\u00edculas. La importaci\u00f3n de publicaciones extranjeras quedar\u00e1 sujeta a autorizaci\u00f3n previa.<\/p>\n<h3 style=\"text-align: justify;\"><strong>60.000 personas cesadas, despedidas y apartadas de sus cargos\u00a0<\/strong><\/h3>\n<p style=\"text-align: justify;\">Y mientras, contin\u00faan las purgas\u00a0en el Ej\u00e9rcito y el poder judicial, as\u00ed como en varios ministerios y en el sector privado. Aproximadamente, 60.000 personas han sido cesadas, despedidas y apartadas de sus cargos desde el s\u00e1bado.<\/p>\n<p style=\"text-align: justify;\">Hasta el momento, al menos 620 <strong>instituciones acad\u00e9micas<\/strong> han sido cerradas, 21.000<strong>maestros<\/strong> de ense\u00f1anza privada han sido despedidos, 1.600 <strong>decanos<\/strong> universitarios forzados a dimitir y 15.200 <strong>funcionarios<\/strong> del ministerio de Educaci\u00f3n han perdido su trabajo, seg\u00fan informaciones del\u00a0ministerio de Educaci\u00f3n, recogida por los medios, entre ellos, la Agencia semiestatal Anadolu.<\/p>\n<p style=\"text-align: justify;\">El\u00a0sector educativo es uno de los m\u00e1s afectados, ya que el Gobierno turco quiere acabar con el\u00a0movimiento educativo y cultural que el cl\u00e9rigo Gulen tiene en Turqu\u00eda en forma de\u00a0universidades, escuelas y centros educativos privados, entre otros.<\/p>\n<p style=\"text-align: justify;\">En el ministerio de Interior, m\u00e1s de 8.500 trabajadores han sido suspendidos, la mayor\u00eda de ellos <strong>polic\u00edas<\/strong>. A esta alarmante cifra, hay que sumar los casi 3.000 <strong>jueces y fiscales<\/strong> cesados de su cargo, as\u00ed como\u00a0los 1.500 empleados del <strong>ministerio de Finanzas<\/strong> despedidos.<\/p>\n<p style=\"text-align: justify;\">El resto de destituciones afectan a cl\u00e9rigos y maestros religiosos, trabajadores de la oficina del primer ministro y miembros de los servicios de inteligencia.<\/p>\n<h3 style=\"text-align: justify;\"><strong>Casi 11.000 detenidos, la mayor\u00eda de ellos militares\u00a0<\/strong><\/h3>\n<p style=\"text-align: justify;\">El presidente Erdog\u00e1n asegur\u00f3 este mi\u00e9rcoles que un total de 10.937 personas han sido arrestadas en Turqu\u00eda desde la sublevaci\u00f3n militar del pasado viernes. El mandatario turco confirm\u00f3 estas detenciones en una entrevista con la televisi\u00f3n \u00e1rabe Al Jazeera, en la que analiz\u00f3 el fallido intento de golpe, tras el cual han sido arrestados m\u00e1s de 6.000 <strong>militares<\/strong> y un centenar de <strong>polic\u00edas<\/strong>, adem\u00e1s de numerosos <strong>jueces y fiscales<\/strong>.<\/p>\n<h3 style=\"text-align: justify;\"><strong>Retirada de licencias a medios y bloqueo de Wikileaks<\/strong><\/h3>\n<p style=\"text-align: justify;\">El Consejo Supremo Autodiovisual Turco (RT\u00dcK) anunci\u00f3 el martes, antes de decretar el estado de emergencia la retirada de licencias de <strong>24 compa\u00f1\u00edas<\/strong> de medios de comunicaci\u00f3n por supuestos v\u00ednculos con el cl\u00e9rigo G\u00fclen.<\/p>\n<p style=\"text-align: justify;\">Por otro lado, una\u00a0edici\u00f3n especial de la <strong>revista sat\u00edrica<\/strong> turca 'Leman', en la que se alude al fallido golpe de Estado, no ha llegado esta semana\u00a0a los kioscos al prohibir la Polic\u00eda la distribuci\u00f3n desde la imprenta.<\/p>\n<p style=\"text-align: justify;\">Adem\u00e1s, el Gobierno de Erdogan ha restringido el acceso a los casi 30.000 mails y<strong>documentos institucionales<\/strong> publicados por WikiLeaks. Los correos provienen del dominio adjudicado al partido AKP, que lidera el Ejecutivo, y se remontan al a\u00f1o 2010. Seg\u00fan confirm\u00f3 Wikileaks, el material habr\u00eda sido obtenido una semana antes del fallido golpe y publicado en respuesta a las purgas gubernamentales. Tras la difusi\u00f3n\u00a0de los documentos, el portal fue hackeado y bloqueados sus servidores en todo el territorio turco.<\/p>\n<h3 style=\"text-align: justify;\"><strong>Restablecer la\u00a0pena de muerte<\/strong><\/h3>\n<p style=\"text-align: justify;\">El viceprimer ministro, Numan Kurtumulus, ha anunciado\u00a0este jueves que Turqu\u00eda suspender\u00e1 temporalmente la aplicaci\u00f3n del Convenido Europeo de Derechos Humanos (CEDH) en el pa\u00eds. Con esta medida, el Gobierno turco podr\u00e1 restablecer\u00a0la \u00a0pena de muerte, abolida en2002, aunque deber\u00eda cambiar la Constituci\u00f3n.<\/p>\n<p style=\"text-align: justify;\">Ya a principios de esta semana, el presidente turco\u00a0declar\u00f3\u00a0que estar\u00eda dispuesto a restablecer la pena capital\u00a0si los legisladores apoyaban la medida en el Parlamento.\u00a0En una entrevista al canal estadounidense\u00a0CNN, Erdogan\u00a0afirm\u00f3\u00a0que los ciudadanos turcos quieren que se aplique la pena de muerte a los organizadores del\u00a0golpe. \"El pueblo ahora, tras tantos incidentes terroristas, cree que estos terroristas deber\u00edan morir\", afirm\u00f3\u00a0el presidente turco, a\u00f1adiendo: \"\u00bfPor qu\u00e9 tengo que mantenerlos y alimentarlos en c\u00e1rceles durante a\u00f1os?\".<\/p>\n<p>No obstante, tendremos que esperar para ver si la deriva autoritaria que sufre Turqu\u00eda acaba en un restablecimiento de la pena capital.<\/p>\n","protected":false},"excerpt":{"rendered":"<p>Estado de emergencia durante tres meses, 11.000 detenciones y 60.000 despidos. As\u00ed ha reaccionado el Gobierno turco al fallido golpe de Estado perpetrado el pasado viernes por varias facciones del ej\u00e9rcito. El presidente turco, Recep Tayyip Erdogan, ha reaccionado al fallido\u00a0golpe de Estado del pasado viernes con una aparente deriva autoritaria que, hasta el momento, [&hellip;]<\/p>\n","protected":false},"author":1,"featured_media":8340,"comment_status":"open","ping_status":"open","sticky":false,"template":"","format":"standard","meta":{"footnotes":""},"categories":[14,12],"tags":[8,81,51],"class_list":["post-9795","post","type-post","status-publish","format-standard","has-post-thumbnail","hentry","category-internacionales","category-politica-3","tag-estados-unidos","tag-recep-tayyip-erdogan","tag-turquia"],"_links":{"self":[{"href":"https:\/\/debateplural.net\/site\/wp-json\/wp\/v2\/posts\/9795"}],"collection":[{"href":"https:\/\/debateplural.net\/site\/wp-json\/wp\/v2\/posts"}],"about":[{"href":"https:\/\/debateplural.net\/site\/wp-json\/wp\/v2\/types\/post"}],"author":[{"embeddable":true,"href":"https:\/\/debateplural.net\/site\/wp-json\/wp\/v2\/users\/1"}],"replies":[{"embeddable":true,"href":"https:\/\/debateplural.net\/site\/wp-json\/wp\/v2\/comments?post=9795"}],"version-history":[{"count":1,"href":"https:\/\/debateplural.net\/site\/wp-json\/wp\/v2\/posts\/9795\/revisions"}],"predecessor-version":[{"id":9796,"href":"https:\/\/debateplural.net\/site\/wp-json\/wp\/v2\/posts\/9795\/revisions\/9796"}],"wp:featuredmedia":[{"embeddable":true,"href":"https:\/\/debateplural.net\/site\/wp-json\/wp\/v2\/media\/8340"}],"wp:attachment":[{"href":"https:\/\/debateplural.net\/site\/wp-json\/wp\/v2\/media?parent=9795"}],"wp:term":[{"taxonomy":"category","embeddable":true,"href":"https:\/\/debateplural.net\/site\/wp-json\/wp\/v2\/categories?post=9795"},{"taxonomy":"post_tag","embeddable":true,"href":"https:\/\/debateplural.net\/site\/wp-json\/wp\/v2\/tags?post=9795"}],"curies":[{"name":"wp","href":"https:\/\/api.w.org\/{rel}","templated":true}]}}