{"id":9886,"date":"2016-07-26T14:51:57","date_gmt":"2016-07-26T14:51:57","guid":{"rendered":"http:\/\/www.debateplural.com\/?p=9886"},"modified":"2016-07-26T14:51:57","modified_gmt":"2016-07-26T14:51:57","slug":"correa-y-su-lucha-contra-los-paraisos-fiscales","status":"publish","type":"post","link":"https:\/\/debateplural.net\/site\/2016\/07\/26\/correa-y-su-lucha-contra-los-paraisos-fiscales\/","title":{"rendered":"Correa y su lucha contra los para\u00edsos fiscales"},"content":{"rendered":"<p style=\"text-align: justify;\"><strong>Juan Manuel Karg (Russia Today, 20\/7\/2016)<\/strong><\/p>\n<p style=\"text-align: justify;\">\n<p style=\"text-align: justify;\"><a href=\"http:\/\/localhost\/debateplural\/tag\/ecuador\">Ecuador <\/a>es un pa\u00eds latinoamericano peque\u00f1o, pero con una voz cada vez m\u00e1s influyente en el plano regional y global. Su posici\u00f3n en torno al caso de Julian Assange, refugiado hace ya cuatro a\u00f1os en la Embajada de este pa\u00eds en Londres, le otorg\u00f3 visibilidad en la defensa de la verdadera libertad de expresi\u00f3n, amenazada tras las filtraciones de WikiLeaks\u00a0y el embate judicial sobre su fundador. A su vez, desde hace ya dos a\u00f1os en Mitad del Mundo se aloja la sede de la Unasur -bautizada N\u00e9stor Kirchner, en homenaje a su primer Secretario General- donde este organismo regional cumple sus labores cotidianas. Y como si fuera poco son bien conocidas las cr\u00edticas de Correa a la <a href=\"http:\/\/localhost\/debateplural\/tag\/oea\">OEA <\/a>y el sometimiento de esta instituci\u00f3n a la voluntad de Washington en relaci\u00f3n a la regi\u00f3n, algo que no se vislumbra en la aut\u00f3noma CELAC, cuya cumbre se realiz\u00f3 este a\u00f1o en territorio ecuatoriano y donde el Jefe de Estado ecuatoriano cumpli\u00f3 el rol de anfitri\u00f3n.<\/p>\n<div class=\"arcticle__read-more read-more\" style=\"text-align: justify;\">\n<div class=\"read-more__title\">En ese marco, de creciente notoriedad en el debate p\u00fablico internacional, Rafael Correa lanz\u00f3 en los \u00faltimos d\u00edas dos importantes iniciativas relacionadas a los para\u00edsos fiscales, tras las revelaciones de Panam\u00e1 Papers que sacudieron a la pol\u00edtica latinoamericana. La primera: su idea de llevar a la pr\u00f3xima Asamblea General de la <a href=\"http:\/\/localhost\/debateplural\/tag\/onu\">ONU<\/a>, en septiembre pr\u00f3ximo, el debate sobre estas instancias que vulneran la soberan\u00eda econ\u00f3mica de nuestras nacionales. Lo dijo claro el canciller Guillaume Long en la reuni\u00f3n de la OEA en<a href=\"http:\/\/localhost\/debateplural\/tag\/republica-dominicana\"> Rep\u00fablica Dominicana<\/a>, al afirmar que \u201clos para\u00edsos fiscales son verdaderos <strong>actos de traici\u00f3n<\/strong>a nuestras patrias, por lo que Ecuador propondr\u00e1 que se incluyan en la agenda de la Asamblea General de las Naciones Unidas, para septiembre de este a\u00f1o. Todos tenemos la responsabilidad de encarar este fen\u00f3meno\u201d.<\/div>\n<\/div>\n<p style=\"text-align: justify;\">La segunda: impulsar una consulta popular, al interior de Ecuador, en relaci\u00f3n a la incompatibilidad de ejercer cargos p\u00fablicos y tener bienes o capitales, de cualquier naturaleza, en para\u00edsos fiscales. Esto llevar\u00eda a modificar, en caso que el resultado sea favorable al SI, la Ley Org\u00e1nica de Servicio P\u00fablico a fin de adecuar la normativa vigente al pronunciamiento del pueblo ecuatoriano, que podr\u00eda ser en simult\u00e1neo a la pr\u00f3xima elecci\u00f3n presidencial, prevista para febrero pr\u00f3ximo. Desde su aprobaci\u00f3n, todos aquellos que aspiren a cargos electivos tendr\u00edan el plazo de un a\u00f1o para repatriar sus fondos, luego de lo cual quedar\u00edan imposibilitados de aspirar a cargos p\u00fablicos.<\/p>\n<p style=\"text-align: justify;\">Para dimensionarlo en cifras: el gobierno ecuatoriano estima en <strong>30% del PBI<\/strong> a los fondos de ciudadanos ecuatorianos fuera del pa\u00eds, especialmente en estas guaridas fiscales ideadas para evadir. Una importante suma para un pa\u00eds golpeado por la ca\u00edda de los precios internacionales del petr\u00f3leo, que adem\u00e1s afronta costosos gastos para la reconstrucci\u00f3n de las zonas da\u00f1adas por el grav\u00edsimo terremoto de abril pasado. De ah\u00ed que la lucha contra la proliferaci\u00f3n de los para\u00edsos fiscales sea una bandera importante para el gobierno de Correa, bajo la formulaci\u00f3n de un \u201cpacto \u00e9tico\u201d que el mandatario plante\u00f3 en mayo pasado.<\/p>\n<p style=\"text-align: justify;\">Las comparaciones son inevitables: \u00bfqu\u00e9 suceder\u00eda de realizarse una compulsa similar en <a href=\"http:\/\/localhost\/debateplural\/tag\/argentina\">Argentina<\/a> y Brasil, donde las revelaciones golpearon al presidente Macri y al entonces presidente de la C\u00e1mara de Diputados, Eduardo Cunha, respectivamente, ambos con titularidad de empresas offshore? \u00bfDejar\u00e1 antecedentes la consulta popular ecuatoriana, para abrir un debate en el resto del continente en relaci\u00f3n a la incompatibilidad de ejercer funciones p\u00fablicas teniendo millones en guaridas fiscales? Como sea, Ecuador instala en la agenda continental un tema que se vincula con su orientaci\u00f3n general de plantearse una pol\u00edtica econ\u00f3mica soberana, justo en momentos donde recrudece la confrontaci\u00f3n entre dos modelos econ\u00f3micos bien diferentes al interior de la regi\u00f3n.<\/p>\n<p style=\"text-align: justify;\">Correa tiene una virtud que suele dar frutos en la pol\u00edtica: la audacia para generar imprevisibilidad en sus adversarios, con iniciativas contundentes. En caso de avanzar la consulta popular promovida, la derecha ecuatoriana deber\u00e1 elegir entre repatriar su dinero y participar en pol\u00edtica, o seguir con la especulaci\u00f3n pero ya desde el \u00e1mbito privado. Sea cual sea el resultado, la iniciativa ecuatoriana adelanta un debate cada vez m\u00e1s necesario en todos nuestros pa\u00edses.<\/p>\n","protected":false},"excerpt":{"rendered":"<p>Juan Manuel Karg (Russia Today, 20\/7\/2016) Ecuador es un pa\u00eds latinoamericano peque\u00f1o, pero con una voz cada vez m\u00e1s influyente en el plano regional y global. Su posici\u00f3n en torno al caso de Julian Assange, refugiado hace ya cuatro a\u00f1os en la Embajada de este pa\u00eds en Londres, le otorg\u00f3 visibilidad en la defensa de [&hellip;]<\/p>\n","protected":false},"author":1,"featured_media":7246,"comment_status":"open","ping_status":"open","sticky":false,"template":"","format":"standard","meta":{"footnotes":""},"categories":[14,12],"tags":[63,88,86,43,6],"class_list":["post-9886","post","type-post","status-publish","format-standard","has-post-thumbnail","hentry","category-internacionales","category-politica-3","tag-argentina","tag-ecuador","tag-oea","tag-onu","tag-republica-dominicana"],"_links":{"self":[{"href":"https:\/\/debateplural.net\/site\/wp-json\/wp\/v2\/posts\/9886"}],"collection":[{"href":"https:\/\/debateplural.net\/site\/wp-json\/wp\/v2\/posts"}],"about":[{"href":"https:\/\/debateplural.net\/site\/wp-json\/wp\/v2\/types\/post"}],"author":[{"embeddable":true,"href":"https:\/\/debateplural.net\/site\/wp-json\/wp\/v2\/users\/1"}],"replies":[{"embeddable":true,"href":"https:\/\/debateplural.net\/site\/wp-json\/wp\/v2\/comments?post=9886"}],"version-history":[{"count":1,"href":"https:\/\/debateplural.net\/site\/wp-json\/wp\/v2\/posts\/9886\/revisions"}],"predecessor-version":[{"id":9887,"href":"https:\/\/debateplural.net\/site\/wp-json\/wp\/v2\/posts\/9886\/revisions\/9887"}],"wp:featuredmedia":[{"embeddable":true,"href":"https:\/\/debateplural.net\/site\/wp-json\/wp\/v2\/media\/7246"}],"wp:attachment":[{"href":"https:\/\/debateplural.net\/site\/wp-json\/wp\/v2\/media?parent=9886"}],"wp:term":[{"taxonomy":"category","embeddable":true,"href":"https:\/\/debateplural.net\/site\/wp-json\/wp\/v2\/categories?post=9886"},{"taxonomy":"post_tag","embeddable":true,"href":"https:\/\/debateplural.net\/site\/wp-json\/wp\/v2\/tags?post=9886"}],"curies":[{"name":"wp","href":"https:\/\/api.w.org\/{rel}","templated":true}]}}