{"id":9922,"date":"2016-07-27T15:15:05","date_gmt":"2016-07-27T15:15:05","guid":{"rendered":"http:\/\/www.debateplural.com\/?p=9922"},"modified":"2016-07-27T15:15:05","modified_gmt":"2016-07-27T15:15:05","slug":"la-rebelion-de-europa-central","status":"publish","type":"post","link":"https:\/\/debateplural.net\/site\/2016\/07\/27\/la-rebelion-de-europa-central\/","title":{"rendered":"La rebeli\u00f3n de Europa Central"},"content":{"rendered":"<p><strong>Luis Rivas (Sputniknews, 25\/7\/2016)\u00a0<\/strong><\/p>\n<p>&nbsp;<\/p>\n<p class=\"b-article__lead\" style=\"text-align: justify;\">\"<a href=\"http:\/\/localhost\/debateplural\/tag\/europa\">Europa<\/a> ha perdido a 64 millones de europeos y a su segunda econom\u00eda a cambio de algunos millones de inmigrantes\". V\u00edctor Orban resum\u00eda de esta manera el resultado del refer\u00e9ndum que permiti\u00f3 al <a href=\"http:\/\/localhost\/debateplural\/tag\/reino-unido\">Reino Unido<\/a> abandonar la Uni\u00f3n Europea.<\/p>\n<div class=\"b-article__text\" style=\"text-align: justify;\">\n<p>La opini\u00f3n de Orban, muy criticado en Europa por los medios de prensa del 'establishment' y vapuleado pol\u00edticamente por sus declaraciones diplom\u00e1ticamente incorrectas son compartidas por los dirigentes del grupo de Visegrado, conocido tambi\u00e9n como V4: integrado por Hungr\u00eda, Eslovaquia, Rep\u00fablica Checa y Polonia.<\/p>\n<p style=\"text-align: justify;\">Con gobiernos de izquierda (Eslovaquia y Rep\u00fablica Checa) o conservadores (Hungr\u00eda y Polonia), sus diferencias ideol\u00f3gicas no les impiden coaligarse en sus cr\u00edticas a la Uni\u00f3n Europea.<\/p>\n<p style=\"text-align: justify;\">El V4 es la nueva Europa Central, que no quiere ser ya considerada 'del Este', como desde el oeste europeo se les denominaba con tono despreciativo tras el fin del comunismo en sus pa\u00edses.<\/p>\n<p>El grupo de Visegrado se reuni\u00f3 en Varsovia para advertir al eje Berl\u00edn-Par\u00eds que no est\u00e1n dispuestos a seguir por m\u00e1s tiempo su 'diktat'. Y no solo coinciden en la cr\u00edtica a la pol\u00edtica de inmigraci\u00f3n auspiciada por la canciller alemana, <a href=\"http:\/\/localhost\/debateplural\/tag\/angela-merkel\">Angela Merkel<\/a>.<\/p>\n<p style=\"text-align: justify;\">El V4 demanda una Uni\u00f3n Europea donde los Estados miembros disfruten de m\u00e1s soberan\u00eda; donde, seg\u00fan ellos, la burocracia de Bruselas tenga menos poder. En ese sentido, quieren que el Consejo Europeo, la reuni\u00f3n de los jefes de Gobierno de los 27, tenga m\u00e1s poder que la Comisi\u00f3n, el \u00f3rgano de gesti\u00f3n encabezado ahora por Jean-Claude Juncker.<\/p>\n<p style=\"text-align: justify;\">Por supuesto, hay que entender que cuando piden un mayor protagonismo de los parlamentos nacionales en las decisiones colegiales europeas es porque, como en los casos de Polonia y Hungr\u00eda, los partidos en el poder gozan de una mayor\u00eda absoluta.<\/p>\n<p style=\"text-align: justify;\">Para estos cuatro gobiernos centroeuropeos, adem\u00e1s de en su pol\u00edtica de inmigraci\u00f3n, la UE necesita una amplia reforma que implique el reforzamiento de sus fronteras exteriores, la lucha contra el terrorismo e, incluso, la creaci\u00f3n de un Ej\u00e9rcito europeo.<\/p>\n<p><strong>El V4, contra \"los fundadores\"<\/strong><\/p>\n<p style=\"text-align: justify;\">El V4 quiere convertirse en un grupo de presi\u00f3n dentro de la <a href=\"http:\/\/localhost\/debateplural\/tag\/ue\">UE<\/a>, que defienda sus intereses frente a los 'miembros fundadores': Francia, <a href=\"http:\/\/localhost\/debateplural\/tag\/alemania\">Alemania<\/a>, Italia, B\u00e9lgica, Luxemburgo y Holanda. Es decir, el sexteto que se reuni\u00f3 \"en privado\" y sin avisar al resto de sus socios en cuanto se supieron los resultados del Brexit.<\/p>\n<p>Visegrado no acepta ya ser tratado como el pariente pobre del club de Bruselas. No soporta tampoco que se les cierre la boca con la excusa de que reciben el man\u00e1 de los miles de millones que traducen su integraci\u00f3n en la UE. Ellos tambi\u00e9n han abierto sus fronteras a los productos del exterior, han cedido soberan\u00eda, proporcionan mano de obra barata, y se niegan a ser considerados 'euroesc\u00e9pticos' solo por el hecho de no seguir al pie de la letra los ucases de lo que Orban llama \"la \u00e9lite social-liberal\" europea.<\/p>\n<p style=\"text-align: justify;\">La presi\u00f3n para acoger inmigrantes, el asunto que tanta manipulaci\u00f3n ha sufrido desde Bruselas, es para el grupo V4 una imposici\u00f3n que no quieren aceptar por el simple hecho de que sus poblaciones no est\u00e1n de acuerdo. Hay que tener en cuenta que estos pa\u00edses tienen una poblaci\u00f3n homog\u00e9nea \u00e9tnicamente, y donde tradiciones culturales y religiosas externas no han penetrado sus sociedades.<\/p>\n<p style=\"text-align: justify;\">Los \u00faltimos episodios violentos protagonizados por refugiados en Alemania o el atentado de Niza han contribuido a reforzar la negativa de estos pa\u00edses a aceptar inmigrantes musulmanes.<\/p>\n<p><strong>Con Londres pierden su mejor aliado<\/strong><\/p>\n<p>Si el grupo de Visegrado reacciona as\u00ed es tambi\u00e9n porque con el Brexit han perdido a su principal aliado en la UE. Son soberanistas como los brit\u00e1nicos y, a excepci\u00f3n de Eslovaquia, est\u00e1n fuera de la zona euro.<\/p>\n<p style=\"text-align: justify;\">Las cuatro capitales del V4 temen por el futuro de sus compatriotas emigrados a Gran Breta\u00f1a: un mill\u00f3n de polacos; 350.000 h\u00fangaros; 45.000 checos y 9.000 eslovacos. El V4 insiste en que el asunto de la inmigraci\u00f3n, especialmente atizada hacia los polacos, fue uno de los factores que inclin\u00f3 la balanza hacia el \"yes\" al Brexit.<\/p>\n<p>Por eso, Visegrado est\u00e1 interesado en seguir manteniendo una estrecha colaboraci\u00f3n con Londres. El problema est\u00e1 en que los conservadores brit\u00e1nicos, en el poder, se niegan a aceptar la libre circulaci\u00f3n de personas y, ya antes del Brexit, hab\u00edan aprobado un arsenal legal para negar asistencia social a los nuevos inmigrantes de la propia UE.<\/p>\n<p style=\"text-align: justify;\">El V4 prepara un plan que presentar\u00e1 en su 'cumbre' del 16 de septiembre en Bratislava. El primer ministro checo, Bohuslav Sobotka, ha presentado ya el aperitivo para esa cita: \"la Uni\u00f3n Europea debe cambiar r\u00e1pidamente, pero no porque el Reino Unido haya salido, sino porque el proyecto europeo necesita un apoyo mucho mayor de parte de sus ciudadanos. Europa debe ser menos burocr\u00e1tica y m\u00e1s sensible a la diversidad que representan sus 27 miembros\".<\/p>\n<p style=\"text-align: justify;\">Otros l\u00edderes del grupo, menos diplom\u00e1ticos, piden sin reparos que rueden cabezas dentro de los \u00f3rganos responsables de las instituciones europeas.<\/p>\n<\/div>\n","protected":false},"excerpt":{"rendered":"<p>Luis Rivas (Sputniknews, 25\/7\/2016)\u00a0 &nbsp; \"Europa ha perdido a 64 millones de europeos y a su segunda econom\u00eda a cambio de algunos millones de inmigrantes\". V\u00edctor Orban resum\u00eda de esta manera el resultado del refer\u00e9ndum que permiti\u00f3 al Reino Unido abandonar la Uni\u00f3n Europea. La opini\u00f3n de Orban, muy criticado en Europa por los medios [&hellip;]<\/p>\n","protected":false},"author":1,"featured_media":9923,"comment_status":"open","ping_status":"open","sticky":false,"template":"","format":"standard","meta":{"footnotes":""},"categories":[14,12],"tags":[7,65,67,50,52],"class_list":["post-9922","post","type-post","status-publish","format-standard","has-post-thumbnail","hentry","category-internacionales","category-politica-3","tag-alemania","tag-angela-merkel","tag-europa","tag-reino-unido","tag-ue"],"_links":{"self":[{"href":"https:\/\/debateplural.net\/site\/wp-json\/wp\/v2\/posts\/9922"}],"collection":[{"href":"https:\/\/debateplural.net\/site\/wp-json\/wp\/v2\/posts"}],"about":[{"href":"https:\/\/debateplural.net\/site\/wp-json\/wp\/v2\/types\/post"}],"author":[{"embeddable":true,"href":"https:\/\/debateplural.net\/site\/wp-json\/wp\/v2\/users\/1"}],"replies":[{"embeddable":true,"href":"https:\/\/debateplural.net\/site\/wp-json\/wp\/v2\/comments?post=9922"}],"version-history":[{"count":1,"href":"https:\/\/debateplural.net\/site\/wp-json\/wp\/v2\/posts\/9922\/revisions"}],"predecessor-version":[{"id":9924,"href":"https:\/\/debateplural.net\/site\/wp-json\/wp\/v2\/posts\/9922\/revisions\/9924"}],"wp:featuredmedia":[{"embeddable":true,"href":"https:\/\/debateplural.net\/site\/wp-json\/wp\/v2\/media\/9923"}],"wp:attachment":[{"href":"https:\/\/debateplural.net\/site\/wp-json\/wp\/v2\/media?parent=9922"}],"wp:term":[{"taxonomy":"category","embeddable":true,"href":"https:\/\/debateplural.net\/site\/wp-json\/wp\/v2\/categories?post=9922"},{"taxonomy":"post_tag","embeddable":true,"href":"https:\/\/debateplural.net\/site\/wp-json\/wp\/v2\/tags?post=9922"}],"curies":[{"name":"wp","href":"https:\/\/api.w.org\/{rel}","templated":true}]}}