{"id":9939,"date":"2016-07-28T15:13:07","date_gmt":"2016-07-28T15:13:07","guid":{"rendered":"http:\/\/www.debateplural.com\/?p=9939"},"modified":"2016-07-28T15:13:07","modified_gmt":"2016-07-28T15:13:07","slug":"rusia-condiciona-devolucion-de-buques-de-guerra-a-ucrania","status":"publish","type":"post","link":"https:\/\/debateplural.net\/site\/2016\/07\/28\/rusia-condiciona-devolucion-de-buques-de-guerra-a-ucrania\/","title":{"rendered":"Rusia condiciona devoluci\u00f3n de buques de guerra a Ucrania"},"content":{"rendered":"<p class=\"b-article__lead\" style=\"text-align: justify;\"><a href=\"http:\/\/localhost\/debateplural\/tag\/rusia\">Rusia<\/a> entregar\u00e1 a <a href=\"http:\/\/localhost\/debateplural\/tag\/ucrania\">Ucrania<\/a> buques de guerra y otros equipos b\u00e9licos cuando se normalicen las relaciones entre Kiev y Mosc\u00fa, declar\u00f3 a RIA Novosti el excomandante de la Flota del Mar Negro (1991-1992) y exprimer subcomandante de la Armada Rusa (1992-1999), almirante \u00cdgor Kasat\u00f3nov.<\/p>\n<div class=\"b-article__text\" style=\"text-align: justify;\">\"Los buques ser\u00e1n devueltos cuando se restablezcan las relaciones normales entre Kiev y Mosc\u00fa\", afirm\u00f3 el almirante.<\/p>\n<p style=\"text-align: justify;\">Seg\u00fan Kasat\u00f3nov, Rusia tiene previsto \"un programa integral de devoluci\u00f3n\".<\/p>\n<p style=\"text-align: justify;\">\"No se trata solo de buques, sino tambi\u00e9n de otro equipamiento, armas, incluyendo carros de combate, nadie tiene inter\u00e9s en retenerlos\", explic\u00f3.<\/p>\n<p style=\"text-align: justify;\">Las relaciones entre Rusia y Ucrania se deterioraron a ra\u00edz de la crisis pol\u00edtica ucraniana y particularmente tras la adhesi\u00f3n de la pen\u00ednsula de Crimea a Rusia y el conflicto en Donb\u00e1s.<\/p>\n<p>Crimea volvi\u00f3 a ser parte de Rusia tras celebrar en marzo de 2014 un refer\u00e9ndum en el que la mayor\u00eda de los votantes, m\u00e1s del 96 por ciento, avalaron esta opci\u00f3n.<\/p>\n<p style=\"text-align: justify;\">Ucrania considera que Crimea es su territorio bajo \"ocupaci\u00f3n temporal\".<\/p>\n<p style=\"text-align: justify;\">Tambi\u00e9n Occidente calific\u00f3 lo ocurrido como \"anexi\u00f3n ilegal\" y aprob\u00f3 varios paquetes de sanciones contra ciudadanos, empresas y sectores enteros de la econom\u00eda rusa, a lo que Mosc\u00fa respondi\u00f3 con un veto agroalimentario.<\/p>\n<p>La Canciller\u00eda rusa declar\u00f3 en repetidas ocasiones que los crimeos votaron\u00a0\u2014democr\u00e1ticamente y en plena conformidad con el derecho internacional y la Carta de la <a href=\"http:\/\/localhost\/debateplural\/tag\/onu\">ONU<\/a>\u2014 por la reunificaci\u00f3n con Rusia que respeta y acepta esta decisi\u00f3n.<\/p>\n<p style=\"text-align: justify;\">Adem\u00e1s, el este de Ucrania lleva m\u00e1s de dos a\u00f1os sumido en un conflicto entre las fuerzas de Kiev y las autoproclamadas rep\u00fablicas de Donetsk y Lugansk, nacidas en protesta por el cambio violento del Gobierno ucraniano a principios de 2014.<\/p>\n<p>La ONU cifra en m\u00e1s de 9.400 los muertos, y en m\u00e1s de 21.800 los heridos por las hostilidades que contin\u00faan pese a varios acuerdos de alto el fuego.<\/p>\n<p style=\"text-align: justify;\">Ucrania acusa a Rusia de intervenir en sus asuntos internos y perpetrar \"una agresi\u00f3n militar\" en Donb\u00e1s, mientras que Mosc\u00fa insiste en que se trata de un conflicto interno ucraniano.<\/p>\n<\/div>\n","protected":false},"excerpt":{"rendered":"<p>Rusia entregar\u00e1 a Ucrania buques de guerra y otros equipos b\u00e9licos cuando se normalicen las relaciones entre Kiev y Mosc\u00fa, declar\u00f3 a RIA Novosti el excomandante de la Flota del Mar Negro (1991-1992) y exprimer subcomandante de la Armada Rusa (1992-1999), almirante \u00cdgor Kasat\u00f3nov. \"Los buques ser\u00e1n devueltos cuando se restablezcan las relaciones normales entre [&hellip;]<\/p>\n","protected":false},"author":1,"featured_media":9940,"comment_status":"open","ping_status":"open","sticky":false,"template":"","format":"standard","meta":{"footnotes":""},"categories":[14,12],"tags":[43,40,61],"class_list":["post-9939","post","type-post","status-publish","format-standard","has-post-thumbnail","hentry","category-internacionales","category-politica-3","tag-onu","tag-rusia","tag-ucrania"],"_links":{"self":[{"href":"https:\/\/debateplural.net\/site\/wp-json\/wp\/v2\/posts\/9939"}],"collection":[{"href":"https:\/\/debateplural.net\/site\/wp-json\/wp\/v2\/posts"}],"about":[{"href":"https:\/\/debateplural.net\/site\/wp-json\/wp\/v2\/types\/post"}],"author":[{"embeddable":true,"href":"https:\/\/debateplural.net\/site\/wp-json\/wp\/v2\/users\/1"}],"replies":[{"embeddable":true,"href":"https:\/\/debateplural.net\/site\/wp-json\/wp\/v2\/comments?post=9939"}],"version-history":[{"count":1,"href":"https:\/\/debateplural.net\/site\/wp-json\/wp\/v2\/posts\/9939\/revisions"}],"predecessor-version":[{"id":9941,"href":"https:\/\/debateplural.net\/site\/wp-json\/wp\/v2\/posts\/9939\/revisions\/9941"}],"wp:featuredmedia":[{"embeddable":true,"href":"https:\/\/debateplural.net\/site\/wp-json\/wp\/v2\/media\/9940"}],"wp:attachment":[{"href":"https:\/\/debateplural.net\/site\/wp-json\/wp\/v2\/media?parent=9939"}],"wp:term":[{"taxonomy":"category","embeddable":true,"href":"https:\/\/debateplural.net\/site\/wp-json\/wp\/v2\/categories?post=9939"},{"taxonomy":"post_tag","embeddable":true,"href":"https:\/\/debateplural.net\/site\/wp-json\/wp\/v2\/tags?post=9939"}],"curies":[{"name":"wp","href":"https:\/\/api.w.org\/{rel}","templated":true}]}}